{"id":8867,"date":"2021-02-21T11:10:21","date_gmt":"2021-02-21T11:10:21","guid":{"rendered":"https:\/\/lobbywatch.ch\/?p=8867"},"modified":"2026-03-31T11:11:19","modified_gmt":"2026-03-31T11:11:19","slug":"parteienfinanzierung-die-kantone-machen-es-vor","status":"publish","type":"post","link":"https:\/\/lobbywatch.ch\/fr\/parteienfinanzierung-die-kantone-machen-es-vor\/","title":{"rendered":"Les cantons plus d\u00e9termin\u00e9s \u00e0 pr\u00e9venir la corruption que Berne"},"content":{"rendered":"<div id=\"fws_69edcfffa7d00\"  data-column-margin=\"default\" data-midnight=\"dark\"  class=\"wpb_row vc_row-fluid vc_row\"  style=\"padding-top: 0px; padding-bottom: 0px; \"><div class=\"row-bg-wrap\" data-bg-animation=\"none\" data-bg-animation-delay=\"\" data-bg-overlay=\"false\"><div class=\"inner-wrap row-bg-layer\" ><div class=\"row-bg viewport-desktop\"  style=\"\"><\/div><\/div><\/div><div class=\"row_col_wrap_12 col span_12 dark left\">\n\t<div  class=\"vc_col-sm-12 wpb_column column_container vc_column_container col no-extra-padding el_spacing_0px inherit_tablet inherit_phone\"  data-padding-pos=\"all\" data-has-bg-color=\"false\" data-bg-color=\"\" data-bg-opacity=\"1\" data-animation=\"\" data-delay=\"0\" >\n\t\t<div class=\"vc_column-inner\" >\n\t\t\t<div class=\"wpb_wrapper\">\n\t\t\t\t\n<div class=\"wpb_text_column wpb_content_element\" >\n\t<div class=\"wpb_wrapper\">\n\t\t<h6 style=\"color: #7e95ad;\"><em>(Photo: Christian Frei)<\/em><\/h6>\n\t<\/div>\n<\/div>\n\n\n\n\n<div class=\"wpb_text_column wpb_content_element\" >\n\t<div class=\"wpb_wrapper\">\n\t\t<div class=\"heateor_sss_sharing_container heateor_sss_horizontal_sharing\" data-heateor-ss-offset=\"0\" data-heateor-sss-href='https:\/\/lobbywatch.ch\/fr\/parteienfinanzierung-die-kantone-machen-es-vor\/'><div class=\"heateor_sss_sharing_ul\"><a aria-label=\"Whatsapp\" class=\"heateor_sss_whatsapp\" href=\"https:\/\/api.whatsapp.com\/send?text=Parteienfinanzierung%3A%20Die%20Kantone%20machen%20es%20vor%20https%3A%2F%2Flobbywatch.ch%2Ffr%2Fparteienfinanzierung-die-kantone-machen-es-vor%2F\" title=\"Whatsapp\" rel=\"nofollow noopener\" target=\"_blank\" style=\"font-size:32px!important;box-shadow:none;display:inline-block;vertical-align:middle\"><span class=\"heateor_sss_svg\" style=\"background-color:#55eb4c;width:23px;height:23px;border-radius:999px;display:inline-block;opacity:1;float:left;font-size:32px;box-shadow:none;display:inline-block;font-size:16px;padding:0 4px;vertical-align:middle;background-repeat:repeat;overflow:hidden;padding:0;cursor:pointer;box-sizing:content-box\"><svg style=\"display:block;border-radius:999px;\" focusable=\"false\" aria-hidden=\"true\" xmlns=\"http:\/\/www.w3.org\/2000\/svg\" width=\"100%\" height=\"100%\" viewbox=\"-6 -5 40 40\"><path class=\"heateor_sss_svg_stroke heateor_sss_no_fill\" stroke=\"#fff\" stroke-width=\"2\" fill=\"none\" d=\"M 11.579798566743314 24.396926207859085 A 10 10 0 1 0 6.808479557110079 20.73576436351046\"><\/path><path d=\"M 7 19 l -1 6 l 6 -1\" class=\"heateor_sss_no_fill heateor_sss_svg_stroke\" stroke=\"#fff\" stroke-width=\"2\" fill=\"none\"><\/path><path d=\"M 10 10 q -1 8 8 11 c 5 -1 0 -6 -1 -3 q -4 -3 -5 -5 c 4 -2 -1 -5 -1 -4\" fill=\"#fff\"><\/path><\/svg><\/span><\/a><a aria-label=\"X\" class=\"heateor_sss_button_x\" href=\"https:\/\/twitter.com\/intent\/tweet?text=Parteienfinanzierung%3A%20Die%20Kantone%20machen%20es%20vor&url=https%3A%2F%2Flobbywatch.ch%2Ffr%2Fparteienfinanzierung-die-kantone-machen-es-vor%2F\" title=\"X\" rel=\"nofollow noopener\" target=\"_blank\" style=\"font-size:32px!important;box-shadow:none;display:inline-block;vertical-align:middle\"><span class=\"heateor_sss_svg heateor_sss_s__default heateor_sss_s_x\" style=\"background-color:#2a2a2a;width:23px;height:23px;border-radius:999px;display:inline-block;opacity:1;float:left;font-size:32px;box-shadow:none;display:inline-block;font-size:16px;padding:0 4px;vertical-align:middle;background-repeat:repeat;overflow:hidden;padding:0;cursor:pointer;box-sizing:content-box\"><svg width=\"100%\" height=\"100%\" style=\"display:block;border-radius:999px;\" focusable=\"false\" aria-hidden=\"true\" xmlns=\"http:\/\/www.w3.org\/2000\/svg\" viewbox=\"0 0 32 32\"><path fill=\"#fff\" d=\"M21.751 7h3.067l-6.7 7.658L26 25.078h-6.172l-4.833-6.32-5.531 6.32h-3.07l7.167-8.19L6 7h6.328l4.37 5.777L21.75 7Zm-1.076 16.242h1.7L11.404 8.74H9.58l11.094 14.503Z\"><\/path><\/svg><\/span><\/a><a aria-label=\"Facebook\" class=\"heateor_sss_facebook\" href=\"https:\/\/www.facebook.com\/sharer\/sharer.php?u=https%3A%2F%2Flobbywatch.ch%2Ffr%2Fparteienfinanzierung-die-kantone-machen-es-vor%2F\" title=\"Facebook\" rel=\"nofollow noopener\" target=\"_blank\" style=\"font-size:32px!important;box-shadow:none;display:inline-block;vertical-align:middle\"><span class=\"heateor_sss_svg\" style=\"background-color:#0765FE;width:23px;height:23px;border-radius:999px;display:inline-block;opacity:1;float:left;font-size:32px;box-shadow:none;display:inline-block;font-size:16px;padding:0 4px;vertical-align:middle;background-repeat:repeat;overflow:hidden;padding:0;cursor:pointer;box-sizing:content-box\"><svg style=\"display:block;border-radius:999px;\" focusable=\"false\" aria-hidden=\"true\" xmlns=\"http:\/\/www.w3.org\/2000\/svg\" width=\"100%\" height=\"100%\" viewbox=\"0 0 32 32\"><path fill=\"#fff\" d=\"M28 16c0-6.627-5.373-12-12-12S4 9.373 4 16c0 5.628 3.875 10.35 9.101 11.647v-7.98h-2.474V16H13.1v-1.58c0-4.085 1.849-5.978 5.859-5.978.76 0 2.072.15 2.608.298v3.325c-.283-.03-.775-.045-1.386-.045-1.967 0-2.728.745-2.728 2.683V16h3.92l-.673 3.667h-3.247v8.245C23.395 27.195 28 22.135 28 16Z\"><\/path><\/svg><\/span><\/a><a aria-label=\"Instagram\" class=\"heateor_sss_button_instagram\" href=\"https:\/\/www.instagram.com\/\" title=\"Instagram\" rel=\"nofollow noopener\" target=\"_blank\" style=\"font-size:32px!important;box-shadow:none;display:inline-block;vertical-align:middle\"><span class=\"heateor_sss_svg\" style=\"background-color:#53beee;width:23px;height:23px;border-radius:999px;display:inline-block;opacity:1;float:left;font-size:32px;box-shadow:none;display:inline-block;font-size:16px;padding:0 4px;vertical-align:middle;background-repeat:repeat;overflow:hidden;padding:0;cursor:pointer;box-sizing:content-box\"><svg style=\"display:block;border-radius:999px;\" version=\"1.1\" viewbox=\"-10 -10 148 148\" width=\"100%\" height=\"100%\" xml:space=\"preserve\" xmlns=\"http:\/\/www.w3.org\/2000\/svg\" xmlns:xlink=\"http:\/\/www.w3.org\/1999\/xlink\"><g><g><path d=\"M86,112H42c-14.336,0-26-11.663-26-26V42c0-14.337,11.664-26,26-26h44c14.337,0,26,11.663,26,26v44 C112,100.337,100.337,112,86,112z M42,24c-9.925,0-18,8.074-18,18v44c0,9.925,8.075,18,18,18h44c9.926,0,18-8.075,18-18V42 c0-9.926-8.074-18-18-18H42z\" fill=\"#fff\"><\/path><\/g><g><path d=\"M64,88c-13.234,0-24-10.767-24-24c0-13.234,10.766-24,24-24s24,10.766,24,24C88,77.233,77.234,88,64,88z M64,48c-8.822,0-16,7.178-16,16s7.178,16,16,16c8.822,0,16-7.178,16-16S72.822,48,64,48z\" fill=\"#fff\"><\/path><\/g><g><circle cx=\"89.5\" cy=\"38.5\" fill=\"#fff\" r=\"5.5\"><\/circle><\/g><\/g><\/svg><\/span><\/a><a aria-label=\"Linkedin\" class=\"heateor_sss_button_linkedin\" href=\"https:\/\/www.linkedin.com\/sharing\/share-offsite\/?url=https%3A%2F%2Flobbywatch.ch%2Ffr%2Fparteienfinanzierung-die-kantone-machen-es-vor%2F\" title=\"Linkedin\" rel=\"nofollow noopener\" target=\"_blank\" style=\"font-size:32px!important;box-shadow:none;display:inline-block;vertical-align:middle\"><span class=\"heateor_sss_svg heateor_sss_s__default heateor_sss_s_linkedin\" style=\"background-color:#0077b5;width:23px;height:23px;border-radius:999px;display:inline-block;opacity:1;float:left;font-size:32px;box-shadow:none;display:inline-block;font-size:16px;padding:0 4px;vertical-align:middle;background-repeat:repeat;overflow:hidden;padding:0;cursor:pointer;box-sizing:content-box\"><svg style=\"display:block;border-radius:999px;\" focusable=\"false\" aria-hidden=\"true\" xmlns=\"http:\/\/www.w3.org\/2000\/svg\" width=\"100%\" height=\"100%\" viewbox=\"0 0 32 32\"><path d=\"M6.227 12.61h4.19v13.48h-4.19V12.61zm2.095-6.7a2.43 2.43 0 0 1 0 4.86c-1.344 0-2.428-1.09-2.428-2.43s1.084-2.43 2.428-2.43m4.72 6.7h4.02v1.84h.058c.56-1.058 1.927-2.176 3.965-2.176 4.238 0 5.02 2.792 5.02 6.42v7.395h-4.183v-6.56c0-1.564-.03-3.574-2.178-3.574-2.18 0-2.514 1.7-2.514 3.46v6.668h-4.187V12.61z\" fill=\"#fff\"><\/path><\/svg><\/span><\/a><a aria-label=\"Mastodon\" class=\"heateor_sss_button_mastodon\" href=\"https:\/\/mastodon.social\/share?text=https%3A%2F%2Flobbywatch.ch%2Ffr%2Fparteienfinanzierung-die-kantone-machen-es-vor%2F&title=Parteienfinanzierung%3A%20Die%20Kantone%20machen%20es%20vor\" title=\"Mastodon\" rel=\"nofollow noopener\" target=\"_blank\" style=\"font-size:32px!important;box-shadow:none;display:inline-block;vertical-align:middle\"><span class=\"heateor_sss_svg heateor_sss_s__default heateor_sss_s_mastodon\" style=\"background-color:#6364FF;width:23px;height:23px;border-radius:999px;display:inline-block;opacity:1;float:left;font-size:32px;box-shadow:none;display:inline-block;font-size:16px;padding:0 4px;vertical-align:middle;background-repeat:repeat;overflow:hidden;padding:0;cursor:pointer;box-sizing:content-box\"><svg style=\"display:block;border-radius:999px;\" focusable=\"false\" aria-hidden=\"true\" xmlns=\"http:\/\/www.w3.org\/2000\/svg\" width=\"100%\" height=\"100%\" viewbox=\"-3.5 -3.5 39 39\"><path d=\"M27 12c0-5.12-3.35-6.62-3.35-6.62C22 4.56 19.05 4.23 16 4.21c-3 0-5.92.35-7.61 1.12C8.36 5.33 5 6.83 5 12v4c.12 5 .92 9.93 5.54 11.16a17.67 17.67 0 005.44.6 10.88 10.88 0 004.18-.95l-.09-1.95a13.36 13.36 0 01-4.07.54c-2.12-.07-4.37-.23-4.71-2.84a5.58 5.58 0 01-.05-.73 27.46 27.46 0 004.73.63 26.76 26.76 0 004.68-.28c3-.35 5.53-2.17 5.85-3.83A39.25 39.25 0 0027 12zm-3.95 6.59h-2.46v-6c0-1.27-.53-1.91-1.6-1.91s-1.77.76-1.77 2.27v3.29h-2.44v-3.35c0-1.51-.59-2.27-1.77-2.27s-1.6.64-1.6 1.91v6H9v-6.18a4.49 4.49 0 011-3 3.39 3.39 0 012.63-1.12 3.17 3.17 0 012.84 1.44l.61 1 .61-1a3.17 3.17 0 012.84-1.44 3.39 3.39 0 012.63 1.12 4.49 4.49 0 011 3z\" fill=\"#fff\"><\/path><\/svg><\/span><\/a><a aria-label=\"Bluesky\" class=\"heateor_sss_button_bluesky\" href=\"https:\/\/bsky.app\/intent\/compose?text=Parteienfinanzierung%3A%20Die%20Kantone%20machen%20es%20vor%20https%3A%2F%2Flobbywatch.ch%2Ffr%2Fparteienfinanzierung-die-kantone-machen-es-vor%2F\" title=\"Bluesky\" rel=\"nofollow noopener\" target=\"_blank\" style=\"font-size:32px!important;box-shadow:none;display:inline-block;vertical-align:middle\"><span class=\"heateor_sss_svg heateor_sss_s__default heateor_sss_s_bluesky\" style=\"background-color:#0085ff;width:23px;height:23px;border-radius:999px;display:inline-block;opacity:1;float:left;font-size:32px;box-shadow:none;display:inline-block;font-size:16px;padding:0 4px;vertical-align:middle;background-repeat:repeat;overflow:hidden;padding:0;cursor:pointer;box-sizing:content-box\"><svg width=\"100%\" height=\"100%\" style=\"display:block;border-radius:999px;\" focusable=\"false\" aria-hidden=\"true\" viewbox=\"-3 -3 38 38\" xmlns=\"http:\/\/www.w3.org\/2000\/svg\"><path d=\"M16 14.903c-.996-1.928-3.709-5.521-6.231-7.293C7.353 5.912 6.43 6.206 5.827 6.478 5.127 6.793 5 7.861 5 8.49s.346 5.155.572 5.91c.747 2.496 3.404 3.34 5.851 3.07.125-.02.252-.036.38-.052-.126.02-.253.037-.38.051-3.586.529-6.771 1.83-2.594 6.457 4.595 4.735 6.297-1.015 7.171-3.93.874 2.915 1.88 8.458 7.089 3.93 3.911-3.93 1.074-5.928-2.512-6.457a8.122 8.122 0 0 1-.38-.051c.128.016.255.033.38.051 2.447.271 5.104-.573 5.85-3.069.227-.755.573-5.281.573-5.91 0-.629-.127-1.697-.827-2.012-.604-.271-1.526-.566-3.942 1.132-2.522 1.772-5.235 5.365-6.231 7.293Z\" fill=\"#fff\"\/><\/svg><\/span><\/a><a aria-label=\"Email\" class=\"heateor_sss_email\" href=\"https:\/\/lobbywatch.ch\/fr\/parteienfinanzierung-die-kantone-machen-es-vor\/\" onclick=\"event.preventDefault();window.open('mailto:?subject=' + decodeURIComponent('Parteienfinanzierung%3A%20Die%20Kantone%20machen%20es%20vor').replace('&', '%26') + '&body=https%3A%2F%2Flobbywatch.ch%2Ffr%2Fparteienfinanzierung-die-kantone-machen-es-vor%2F', '_blank')\" title=\"Email\" rel=\"noopener\" style=\"font-size:32px!important;box-shadow:none;display:inline-block;vertical-align:middle\"><span class=\"heateor_sss_svg\" style=\"background-color:#649a3f;width:23px;height:23px;border-radius:999px;display:inline-block;opacity:1;float:left;font-size:32px;box-shadow:none;display:inline-block;font-size:16px;padding:0 4px;vertical-align:middle;background-repeat:repeat;overflow:hidden;padding:0;cursor:pointer;box-sizing:content-box\"><svg style=\"display:block;border-radius:999px;\" focusable=\"false\" aria-hidden=\"true\" xmlns=\"http:\/\/www.w3.org\/2000\/svg\" width=\"100%\" height=\"100%\" viewbox=\"-.75 -.5 36 36\"><path d=\"M 5.5 11 h 23 v 1 l -11 6 l -11 -6 v -1 m 0 2 l 11 6 l 11 -6 v 11 h -22 v -11\" stroke-width=\"1\" fill=\"#fff\"><\/path><\/svg><\/span><\/a><\/div><div class=\"heateorSssClear\"><\/div><\/div>\n\t<\/div>\n<\/div>\n\n\n\n<div class=\"divider-wrap\" data-alignment=\"default\"><div style=\"margin-top: 12.5px; width: 80px; height: 2px; margin-bottom: 12.5px;\" data-width=\"80px\" data-animate=\"\" data-animation-delay=\"\" data-color=\"extra-color-2\" class=\"divider-small-border\"><\/div><\/div>\n<div class=\"wpb_text_column wpb_content_element\" >\n\t<div class=\"wpb_wrapper\">\n\t\t<p><strong>Alors que la loi fribourgeoise sur le financement de la vie politique est entr\u00e9e en vigueur le 1er janvier 2021 et que les r\u00e9sultats de la consultation du projet de loi valaisanne ad hoc seront d\u00e9voil\u00e9s au printemps, la r\u00e9ticence du Parlement f\u00e9d\u00e9ral \u00e0 l\u00e9gif\u00e9rer sur le sujet rend perplexe: en mati\u00e8re de transparence, les cantons m\u00e8nent la danse! Vaud est d\u2019ailleurs le dernier en date \u00e0 avoir manifest\u00e9 son int\u00e9r\u00eat pour la question.<\/strong><\/p>\n<p>En ce d\u00e9but de mois de f\u00e9vrier, le Conseil d\u2019\u00c9tat vaudois annon\u00e7ait le d\u00e9p\u00f4t du <a class=\"elf-external elf-icon\" href=\"https:\/\/www.vd.ch\/toutes-les-actualites\/news\/14061i-projet-de-revision-de-la-loi-sur-lexercice-des-droits-politiques-vers-une-plus-grande-transparence-du-financement-de-la-vie-politique-vaudoise\/\">projet de r\u00e9vision de la loi sur l\u2019exercice des droits politiques (LEDP)<\/a> devant le Grand Conseil. Au c\u0153ur de celle-ci: la transparence financi\u00e8re de la vie politique. L\u2019occasion d\u2019en saisir la substance et de faire le point sur son actualit\u00e9 f\u00e9d\u00e9rale. Parmi les modifications majeures de cette r\u00e9vision, le Conseil d\u2019\u00c9tat vaudois exige que les partis repr\u00e9sent\u00e9s au Grand Conseil, les communes de plus de 10'000 habitants, mais aussi les comit\u00e9s participant aux campagnes \u00e9lectorales ou de votations, publient leurs comptes annuels. Tous ces acteurs, ainsi que les candidats au Conseil des \u00c9tats, au Conseil d\u2019\u00c9tat, au Grand Conseil et aux municipalit\u00e9s des communes de plus de 10'000 habitants, devront ainsi r\u00e9v\u00e9ler les dons per\u00e7us au-del\u00e0 des seuils de CHF 3'000.- (personne morale) et de CHF 5'000.- (personne physique).<\/p>\n<p>D\u2019apr\u00e8s la conseill\u00e8re d\u2019\u00c9tat Christelle Luisier Brodard (PLR), charg\u00e9e du D\u00e9partement des Institutions et du Territoire, l\u2019objectif est que ce projet prioritaire du programme de l\u00e9gislature 2017-2022 puisse entrer en vigueur le 1er janvier 2022, soit pour les \u00e9lections cantonales. Elle ajoute: \u00abSur le principe de transparence, trois \u00e9l\u00e9ments sont essentiels: la confiance entre les autorit\u00e9s, les institutions et la population \u2013 surtout au vu de la p\u00e9riode de crise sanitaire actuelle. D\u2019autre part, l\u2019information de la population : les votes doivent se faire en connaissance de cause. Enfin, la pr\u00e9vention de la corruption.\u00bb<\/p>\n<p>Des arguments qui r\u00e9sonnent avec ceux de <a class=\"elf-external elf-icon\" href=\"https:\/\/transparenz-ja.ch\/\">l\u2019initiative f\u00e9d\u00e9rale pour plus de transparence dans le financement de la vie politique<\/a> , lanc\u00e9e en 2017 et actuellement discut\u00e9e dans les deux chambres : \u00abC\u2019est un signal important en direction de Berne. Le Canton de Vaud s\u2019ajoute ainsi \u00e0 la liste des cantons qui exigent davantage de transparence en mati\u00e8re de financement de la vie politique\u00bb, s\u2019exclame la conseill\u00e8re nationale Nadine Masshardt (PS\/BE), co-pr\u00e9sidente du comit\u00e9 pour l\u2019initiative sur la transparence. \n\n\nSi la mod\u00e9lisation de la r\u00e9vision de la LEDP devrait engendrer de vifs d\u00e9bats, elle a d\u00e9j\u00e0 obtenu l\u2019aval de principe du PLR Vaud \u00e0 travers un communiqu\u00e9, nous apprend Christelle Luisier Brodard - bien que la direction du parti \u00e9mette des r\u00e9serves quant aux seuils pr\u00e9vus.\n\nCette r\u00e9vision s\u2019ajoute \u00e0 une longue s\u00e9rie d\u2019initiatives ou de lois port\u00e9es par les cantons. La plupart des cantons romands ont l\u00e9gif\u00e9r\u00e9 sur la transparence (Fribourg, Gen\u00e8ve, Neuch\u00e2tel), au m\u00eame titre que le Tessin, Schwyz et Schaffouse, bien que les seuils de transparence sur les dons per\u00e7us diff\u00e8rent d\u2019un canton \u00e0 l\u2019autre.<\/p>\n<p><strong>Les arguments kafka\u00efens du Conseil f\u00e9d\u00e9ral<\/strong><\/p>\n<p>Si l\u2019entr\u00e9e en vigueur progressive de lois cantonales exigeant plus de transparence en politique est une bonne nouvelle, elle rend d\u2019autant plus d\u00e9concertant le refus syst\u00e9matique de Berne d\u2019une r\u00e9glementation sur la transparence du financement des partis et des campagnes \u00e9lectorales. Un refus devenant m\u00eame incompr\u00e9hensible lorsque l\u2019on sait que la Suisse est le seul \u00c9tat membre du Conseil de l\u2019Europe \u00e0 ne pas s\u2019\u00eatre dot\u00e9 de r\u00e9glementation en la mati\u00e8re.<\/p>\n<p>L\u2019initiative f\u00e9d\u00e9rale sur la transparence, port\u00e9e par une alliance de gauche et d\u2019organisations de la soci\u00e9t\u00e9 civile, a pour ambition de r\u00e9pondre \u00e0 ces enjeux. Le Conseil f\u00e9d\u00e9ral a cependant recommand\u00e9 de la rejeter, pr\u00e9textant qu\u2019elle serait incompatible avec les particularit\u00e9s du syst\u00e8me politique suisse. Il ajoutait par ailleurs cet argument quelque peu curieux selon lequel il doutait que \u00ables moyens financiers aient une influence pr\u00e9pond\u00e9rante sur le succ\u00e8s politique.\u00bb<\/p>\n<p>Un contre-projet indirect \u00e0 l\u2019initiative fait actuellement l\u2019objet de d\u00e9lib\u00e9rations au Conseil des \u00c9tats et au Conseil national, qui d\u00e9battent du seuil \u00e0 partir duquel fixer l\u2019obligation de d\u00e9clarer des donations \u00e0 des campagnes f\u00e9d\u00e9rales. Si l\u2019initiative pr\u00e9conise qu\u2019il soit fix\u00e9 \u00e0 CHF 10'000.-, les majorit\u00e9s de droite dans les commissions et les chambres l\u2019ont \u00e9lev\u00e9 \u00e0 CHF 25'000.-, alors que les donations de ce montant sont relativement rares en Suisse.<\/p>\n<p>Par ailleurs, la Commission des institutions politiques (CIP) du Conseil des \u00c9tats avait pr\u00e9vu une clause d\u2019exception, pour les conseillers aux \u00c9tats, \u00e0 l\u2019obligation de d\u00e9clarer leurs budgets de campagne, arguant que leur \u00e9lection relevait d\u2019une affaire cantonale. D\u00e9but janvier 2021, la CIP du Conseil national amendait cependant le projet pour que les conseillers aux \u00c9tats soient \u00e9galement soumis \u00e0 des obligations de transparence pour leurs budgets de campagne \u00e9lectorale.<\/p>\n<p><strong>Transparence: encore un long chemin \u00e0 parcourir<\/strong><\/p>\n<p>Les arguments du Conseil f\u00e9d\u00e9ral ne sont pas faux sur le principe: le f\u00e9d\u00e9ralisme et le multi-partisanisme de nos institutions sont effectivement un puissant outil de distillation du pouvoir et diminuent les risques de malversations. Pour autant, il serait illusoire de croire que la Suisse \u00e9chappe miraculeusement \u00e0 la corruption par la seule gr\u00e2ce des instruments institutionnels que sont le f\u00e9d\u00e9ralisme ou la d\u00e9mocratie directe. En 2009, en plein d\u00e9bats parlementaires pour r\u00e9glementer les activit\u00e9s d\u2019UBS, la presse suisse r\u00e9v\u00e9lait que la banque avait promis de verser 150\u2019000 francs au PDC (actuel Le Centre). Ce dernier avait finalement renonc\u00e9 au don de la banque \u00e0 la suite du scandale m\u00e9diatique que ces r\u00e9v\u00e9lations avaient d\u00e9clench\u00e9. En 2021, la persistance de l\u2019opacit\u00e9 du financement des partis politiques suisses, des campagnes \u00e9lectorales et des liens d\u2019int\u00e9r\u00eat des parlementaires f\u00e9d\u00e9raux est difficilement justifiable. Le Conseil national se prononcera prochainement sur le contre-projet \u00e0 l\u2019initiative sur la transparence, mais s\u2019il est adopt\u00e9, ce sera probablement vid\u00e9 de sa substance. La question demeure de savoir pourquoi les parlementaires persistent \u00e0 refuser de consolider les garde-fous n\u00e9cessaires \u00e0 l\u2019exercice d\u2019une pleine d\u00e9mocratie, dans laquelle les citoyens peuvent voter en connaissance de cause des enjeux financiers sous-tendant n\u2019importe quelle d\u00e9cision politique.<\/p>\n\t<\/div>\n<\/div>\n\n\n\n\n\t\t\t<\/div> \n\t\t<\/div>\n\t<\/div> \n<\/div><\/div>\n\t\t<div id=\"fws_69edcfffaa6b0\"  data-column-margin=\"default\" data-midnight=\"dark\"  class=\"wpb_row vc_row-fluid vc_row  right_padding_phone_0px left_padding_phone_0px\"  style=\"padding-top: 130px; padding-bottom: 0px; \"><div class=\"row-bg-wrap\" data-bg-animation=\"none\" data-bg-animation-delay=\"\" data-bg-overlay=\"false\"><div class=\"inner-wrap row-bg-layer\" ><div class=\"row-bg viewport-desktop\"  style=\"\"><\/div><\/div><\/div><div class=\"row_col_wrap_12 col span_12 dark left\">\n\t<div  class=\"vc_col-sm-12 wpb_column column_container vc_column_container col no-extra-padding el_spacing_0px inherit_tablet inherit_phone\"  data-padding-pos=\"all\" data-has-bg-color=\"false\" data-bg-color=\"\" data-bg-opacity=\"1\" data-animation=\"\" data-delay=\"0\" >\n\t\t<div class=\"vc_column-inner\" >\n\t\t\t<div class=\"wpb_wrapper\">\n\t\t\t\t<div class=\"divider-wrap\" data-alignment=\"default\"><div style=\"margin-top: 12.5px; height: 2px; margin-bottom: 12.5px;\" data-width=\"100%\" data-animate=\"\" data-animation-delay=\"\" data-color=\"extra-color-2\" class=\"divider-border\"><\/div><\/div>\n<div class=\"wpb_text_column wpb_content_element\" >\n\t<div class=\"wpb_wrapper\">\n\t\t<h3>Voici les derni\u00e8res actualit\u00e9s de lobbying :<\/h3>\n\t<\/div>\n<\/div>\n\n\n\n<div class='nectar-post-grid-wrap text-color-dark additional-meta-size-small spacing-10px' data-el-settings='{\"post_type\":\"post\",\"pagination\":\"none\",\"image_size\":\"thumbnail\",\"parallax_scrolling\":\"\",\"aspect_ratio_image_size\":\"\",\"category_position\":\"default\",\"category_display\":\"default\",\"display_categories\":\"0\",\"display_excerpt\":\"0\",\"excerpt_length\":\"20\",\"display_date\":\"yes\",\"display_estimated_reading_time\":\"0\",\"display_author\":\"yes\",\"author_functionality\":\"static\",\"author_position\":\"default\",\"color_overlay\":\"\",\"color_overlay_opacity\":\"\",\"color_overlay_hover_opacity\":\"\",\"card_bg_color\":\"#FFFFFF\",\"grid_style\":\"content_under_image\",\"hover_effect\":\"animated_underline\",\"post_title_overlay\":\"\",\"heading_tag\":\"h3\",\"heading_tag_render\":\"h3\",\"enable_gallery_lightbox\":\"0\",\"category_style\":\"underline\",\"overlay_secondary_project_image\":\"\",\"vertical_list_hover_effect\":\"none\",\"vertical_list_read_more\":\"\",\"read_more_button\":\"0\",\"animation\":\"none\",\"custom_fields\":\"\",\"custom_fields_location\":\"before_post_meta\",\"display_type\":\"carousel\",\"text_content_layout\":\"top_left\"}' data-style='content_under_image' data-query='{\"post_type\":\"post\",\"posts_per_page\":\"12\",\"order\":\"DESC\",\"orderby\":\"date\",\"offset\":\"0\",\"cpt_name\":\"post\",\"custom_query_tax\":\"\",\"ignore_sticky_posts\":\"\",\"exclude_current_post\":\"\"}' data-load-more-color='black' data-load-more-text='Load More'><div class=\"nectar-post-grid-filters\" data-active-color=\"default\" data-align=\"default\" data-animation=\"none\" data-sortable=\"\"><div><a href=\"#\" class=\"active  all-filter\" data-total-count=\"73\" data-filter=\"-1\">All<\/a><a href=\"#\" data-filter=\"abstimmungsfinanzierung\" data-total-count=\"3\">Abstimmungsfinanzierung<\/a><a href=\"#\" data-filter=\"lobbyrecherche\" data-total-count=\"21\">Recherche<\/a><a href=\"#\" data-filter=\"lobbywatch\" data-total-count=\"28\">Actualit\u00e9s de Lobbying<\/a><a href=\"#\" data-filter=\"politikfinanzierung\" data-total-count=\"1\">Politikfinanzierung<\/a><a href=\"#\" data-filter=\"transparenzbericht\" data-total-count=\"24\">Rapport de la transparence<\/a><a href=\"#\" data-filter=\"uncategorized\" data-total-count=\"24\">Uncategorized<\/a><\/div><\/div><div class=\"nectar-post-grid nectar-flickity card_hover_color_ECD9D9 custom-aspect-ratio-16-9 category-position-before-title\" data-columns=\"3\" data-hover-effect=\"animated_underline\" data-text-style=\"default\" data-border-radius=\"10px\" data-grid-item-height=\"30vh\" data-grid-spacing=\"10px\" data-text-layout=\"top_left\" data-text-color=\"dark\" data-text-hover-color=\"dark\" data-shadow-hover=\"\" data-animation=\"none\" data-animation-stagger=\"90\" data-cat-click=\"default\"  data-lock-aspect=\"\"  data-text-align=\"left\" data-card=\"yes\" data-controls=\"default\" data-r-bottom-total=\"true\" data-control-style=\"material_pagination\" data-wrap=\"wrap\" data-overflow=\"hidden\" style=\"--post-grid-border-radius:10px;\" ><div class=\"flickity-viewport\"><div class=\"flickity-slider\"><div class=\"nectar-post-grid-item nectar-underline\" style=\"background-color: #FFFFFF;\" data-post-id=\"8959\" data-has-img=\"true\"> <div class=\"inner\"><div class=\"nectar-post-grid-item-bg-wrap\"><div class=\"nectar-post-grid-item-bg-wrap-inner\"><div class=\"nectar-post-grid-item-bg\"><img loading=\"lazy\" decoding=\"async\" width=\"150\" height=\"150\" src=\"https:\/\/lobbywatch.ch\/wp-content\/uploads\/2026\/04\/davide-buttani-3BiVDcqoNSs-unsplash-150x150.jpg\" class=\"attachment-thumbnail size-thumbnail wp-post-image\" alt=\"\" srcset=\"https:\/\/lobbywatch.ch\/wp-content\/uploads\/2026\/04\/davide-buttani-3BiVDcqoNSs-unsplash-150x150.jpg 150w, https:\/\/lobbywatch.ch\/wp-content\/uploads\/2026\/04\/davide-buttani-3BiVDcqoNSs-unsplash-140x140.jpg 140w, https:\/\/lobbywatch.ch\/wp-content\/uploads\/2026\/04\/davide-buttani-3BiVDcqoNSs-unsplash-100x100.jpg 100w, https:\/\/lobbywatch.ch\/wp-content\/uploads\/2026\/04\/davide-buttani-3BiVDcqoNSs-unsplash-500x500.jpg 500w, https:\/\/lobbywatch.ch\/wp-content\/uploads\/2026\/04\/davide-buttani-3BiVDcqoNSs-unsplash-350x350.jpg 350w, https:\/\/lobbywatch.ch\/wp-content\/uploads\/2026\/04\/davide-buttani-3BiVDcqoNSs-unsplash-800x800.jpg 800w\" sizes=\"auto, (max-width: 150px) 100vw, 150px\" \/><\/div><\/div><\/div><div class=\"content\"><a class=\"nectar-post-grid-link\" href=\"https:\/\/lobbywatch.ch\/fr\/mandat-zum-geschaeft\/\" ><span class=\"screen-reader-text\">Quand le mandat parlementaire devient mod\u00e8le d'affaires<\/span><\/a><div class=\"item-main\"><h3 class=\"post-heading nectar-inherit-h3\"><span>Quand le mandat parlementaire devient mod\u00e8le d'affaires<\/span><\/h3><span class=\"nectar-post-grid-item__meta-wrap\"><span class=\"meta-author\"><img alt='Fabian Str\u00e4ssle' src='https:\/\/lobbywatch.ch\/wp-content\/uploads\/2025\/11\/Fabian-e1762163678945.png' srcset='https:\/\/lobbywatch.ch\/wp-content\/uploads\/2025\/11\/Fabian-e1762163678945.png 2x' class='avatar avatar-40 photo avatar-default' height='40' width='40' \/><span class=\"meta-author-inner\"><span class=\"meta-author-name\">Fabian Str\u00e4ssle<\/span><\/span><\/span><span class=\"meta-date\">avril 13, 2026<\/span><\/span><\/div><\/div><\/div><\/div><div class=\"nectar-post-grid-item nectar-underline\" style=\"background-color: #FFFFFF;\" data-post-id=\"8801\" data-has-img=\"true\"> <div class=\"inner\"><div class=\"nectar-post-grid-item-bg-wrap\"><div class=\"nectar-post-grid-item-bg-wrap-inner\"><div class=\"nectar-post-grid-item-bg\"><img loading=\"lazy\" decoding=\"async\" width=\"150\" height=\"150\" src=\"https:\/\/lobbywatch.ch\/wp-content\/uploads\/2025\/09\/home-karusel-2-150x150.jpg\" class=\"attachment-thumbnail size-thumbnail wp-post-image\" alt=\"\" srcset=\"https:\/\/lobbywatch.ch\/wp-content\/uploads\/2025\/09\/home-karusel-2-150x150.jpg 150w, https:\/\/lobbywatch.ch\/wp-content\/uploads\/2025\/09\/home-karusel-2-140x140.jpg 140w, https:\/\/lobbywatch.ch\/wp-content\/uploads\/2025\/09\/home-karusel-2-100x100.jpg 100w, https:\/\/lobbywatch.ch\/wp-content\/uploads\/2025\/09\/home-karusel-2-500x500.jpg 500w, https:\/\/lobbywatch.ch\/wp-content\/uploads\/2025\/09\/home-karusel-2-350x350.jpg 350w, https:\/\/lobbywatch.ch\/wp-content\/uploads\/2025\/09\/home-karusel-2-800x800.jpg 800w\" sizes=\"auto, (max-width: 150px) 100vw, 150px\" \/><\/div><\/div><\/div><div class=\"content\"><a class=\"nectar-post-grid-link\" href=\"https:\/\/lobbywatch.ch\/fr\/wer-in-bern-einfluss-will-laedt-zum-essen\/\" ><span class=\"screen-reader-text\">Pour avoir de l'influence \u00e0 Berne, il faut inviter \u00e0 d\u00eener<\/span><\/a><div class=\"item-main\"><h3 class=\"post-heading nectar-inherit-h3\"><span>Pour avoir de l'influence \u00e0 Berne, il faut inviter \u00e0 d\u00eener<\/span><\/h3><span class=\"nectar-post-grid-item__meta-wrap\"><span class=\"meta-author\"><img alt='Reto Naegeli' src='https:\/\/lobbywatch.ch\/wp-content\/uploads\/2025\/12\/signal-2025-11-19-155115.jpeg' srcset='https:\/\/lobbywatch.ch\/wp-content\/uploads\/2025\/12\/signal-2025-11-19-155115.jpeg 2x' class='avatar avatar-40 photo avatar-default' height='40' width='40' \/><span class=\"meta-author-inner\"><span class=\"meta-author-name\">Reto Naegeli<\/span><\/span><\/span><span class=\"meta-date\">mars 3, 2026<\/span><\/span><\/div><\/div><\/div><\/div><div class=\"nectar-post-grid-item nectar-underline\" style=\"background-color: #FFFFFF;\" data-post-id=\"8779\" data-has-img=\"true\"> <div class=\"inner\"><div class=\"nectar-post-grid-item-bg-wrap\"><div class=\"nectar-post-grid-item-bg-wrap-inner\"><div class=\"nectar-post-grid-item-bg\"><img loading=\"lazy\" decoding=\"async\" width=\"150\" height=\"150\" src=\"https:\/\/lobbywatch.ch\/wp-content\/uploads\/2026\/02\/2821392579_2cc62aa516_o-1-150x150.png\" class=\"attachment-thumbnail size-thumbnail wp-post-image\" alt=\"\" srcset=\"https:\/\/lobbywatch.ch\/wp-content\/uploads\/2026\/02\/2821392579_2cc62aa516_o-1-150x150.png 150w, https:\/\/lobbywatch.ch\/wp-content\/uploads\/2026\/02\/2821392579_2cc62aa516_o-1-140x140.png 140w, https:\/\/lobbywatch.ch\/wp-content\/uploads\/2026\/02\/2821392579_2cc62aa516_o-1-100x100.png 100w, https:\/\/lobbywatch.ch\/wp-content\/uploads\/2026\/02\/2821392579_2cc62aa516_o-1-500x500.png 500w, https:\/\/lobbywatch.ch\/wp-content\/uploads\/2026\/02\/2821392579_2cc62aa516_o-1-350x350.png 350w, https:\/\/lobbywatch.ch\/wp-content\/uploads\/2026\/02\/2821392579_2cc62aa516_o-1-1000x1000.png 1000w, https:\/\/lobbywatch.ch\/wp-content\/uploads\/2026\/02\/2821392579_2cc62aa516_o-1-800x800.png 800w\" sizes=\"auto, (max-width: 150px) 100vw, 150px\" \/><\/div><\/div><\/div><div class=\"content\"><a class=\"nectar-post-grid-link\" href=\"https:\/\/lobbywatch.ch\/fr\/wer-zahlt-gewinnt-abstimmungsfinanzierung-vom-8-maerz-im-check\/\" ><span class=\"screen-reader-text\">Qui paie gagne ? Le financement des votations du 8 mars sous la loupe<\/span><\/a><div class=\"item-main\"><h3 class=\"post-heading nectar-inherit-h3\"><span>Qui paie gagne ? Le financement des votations du 8 mars sous la loupe<\/span><\/h3><span class=\"nectar-post-grid-item__meta-wrap\"><span class=\"meta-author\"><img alt='Reto Naegeli' src='https:\/\/lobbywatch.ch\/wp-content\/uploads\/2025\/12\/signal-2025-11-19-155115.jpeg' srcset='https:\/\/lobbywatch.ch\/wp-content\/uploads\/2025\/12\/signal-2025-11-19-155115.jpeg 2x' class='avatar avatar-40 photo avatar-default' height='40' width='40' \/><span class=\"meta-author-inner\"><span class=\"meta-author-name\">Reto Naegeli<\/span><\/span><\/span><span class=\"meta-date\">mars 2, 2026<\/span><\/span><\/div><\/div><\/div><\/div><div class=\"nectar-post-grid-item nectar-underline\" style=\"background-color: #FFFFFF;\" data-post-id=\"8310\" data-has-img=\"true\"> <div class=\"inner\"><div class=\"nectar-post-grid-item-bg-wrap\"><div class=\"nectar-post-grid-item-bg-wrap-inner\"><div class=\"nectar-post-grid-item-bg\"><img loading=\"lazy\" decoding=\"async\" width=\"150\" height=\"150\" src=\"https:\/\/lobbywatch.ch\/wp-content\/uploads\/2025\/12\/parl_somsess25_1806_39-150x150.jpg\" class=\"attachment-thumbnail size-thumbnail wp-post-image\" alt=\"\" srcset=\"https:\/\/lobbywatch.ch\/wp-content\/uploads\/2025\/12\/parl_somsess25_1806_39-150x150.jpg 150w, https:\/\/lobbywatch.ch\/wp-content\/uploads\/2025\/12\/parl_somsess25_1806_39-140x140.jpg 140w, https:\/\/lobbywatch.ch\/wp-content\/uploads\/2025\/12\/parl_somsess25_1806_39-100x100.jpg 100w, https:\/\/lobbywatch.ch\/wp-content\/uploads\/2025\/12\/parl_somsess25_1806_39-500x500.jpg 500w, https:\/\/lobbywatch.ch\/wp-content\/uploads\/2025\/12\/parl_somsess25_1806_39-350x350.jpg 350w, https:\/\/lobbywatch.ch\/wp-content\/uploads\/2025\/12\/parl_somsess25_1806_39-1000x1000.jpg 1000w, https:\/\/lobbywatch.ch\/wp-content\/uploads\/2025\/12\/parl_somsess25_1806_39-800x800.jpg 800w\" sizes=\"auto, (max-width: 150px) 100vw, 150px\" \/><\/div><\/div><\/div><div class=\"content\"><a class=\"nectar-post-grid-link\" href=\"https:\/\/lobbywatch.ch\/fr\/transparenz-im-schweizer-parlament-nur-jedes-vierte-ratsmitglied-legt-alle-einkuenfte-offen\/\" ><span class=\"screen-reader-text\">Transparence au Parlement suisse : seulement un\u00b7e \u00e9lu\u00b7e sur quatre divulgue l\u2019ensemble de ses revenus<\/span><\/a><div class=\"item-main\"><h3 class=\"post-heading nectar-inherit-h3\"><span>Transparence au Parlement suisse : seulement un\u00b7e \u00e9lu\u00b7e sur quatre divulgue l\u2019ensemble de ses revenus<\/span><\/h3><span class=\"nectar-post-grid-item__meta-wrap\"><span class=\"meta-author\"><img alt='Reto Naegeli' src='https:\/\/lobbywatch.ch\/wp-content\/uploads\/2025\/12\/signal-2025-11-19-155115.jpeg' srcset='https:\/\/lobbywatch.ch\/wp-content\/uploads\/2025\/12\/signal-2025-11-19-155115.jpeg 2x' class='avatar avatar-40 photo avatar-default' height='40' width='40' \/><span class=\"meta-author-inner\"><span class=\"meta-author-name\">Reto Naegeli<\/span><\/span><\/span><span class=\"meta-date\">d\u00e9cembre 30, 2025<\/span><\/span><\/div><\/div><\/div><\/div><div class=\"nectar-post-grid-item nectar-underline\" style=\"background-color: #FFFFFF;\" data-post-id=\"7959\" data-has-img=\"true\"> <div class=\"inner\"><div class=\"nectar-post-grid-item-bg-wrap\"><div class=\"nectar-post-grid-item-bg-wrap-inner\"><div class=\"nectar-post-grid-item-bg\"><img loading=\"lazy\" decoding=\"async\" width=\"150\" height=\"150\" src=\"https:\/\/lobbywatch.ch\/wp-content\/uploads\/2025\/12\/bcgewwhhqsg-150x150.jpg\" class=\"attachment-thumbnail size-thumbnail wp-post-image\" alt=\"a tray of appetizers with toothpicks on them\" srcset=\"https:\/\/lobbywatch.ch\/wp-content\/uploads\/2025\/12\/bcgewwhhqsg-150x150.jpg 150w, https:\/\/lobbywatch.ch\/wp-content\/uploads\/2025\/12\/bcgewwhhqsg-140x140.jpg 140w, https:\/\/lobbywatch.ch\/wp-content\/uploads\/2025\/12\/bcgewwhhqsg-100x100.jpg 100w, https:\/\/lobbywatch.ch\/wp-content\/uploads\/2025\/12\/bcgewwhhqsg-500x500.jpg 500w, https:\/\/lobbywatch.ch\/wp-content\/uploads\/2025\/12\/bcgewwhhqsg-350x350.jpg 350w, https:\/\/lobbywatch.ch\/wp-content\/uploads\/2025\/12\/bcgewwhhqsg-800x800.jpg 800w\" sizes=\"auto, (max-width: 150px) 100vw, 150px\" \/><\/div><\/div><\/div><div class=\"content\"><a class=\"nectar-post-grid-link\" href=\"https:\/\/lobbywatch.ch\/fr\/von-canapes-bis-gala-dinners-die-lobbyevents-der-wintersession\/\" ><span class=\"screen-reader-text\">Des canap\u00e9s aux d\u00eeners de gala : les \u00e9v\u00e9nements de lobbying de la session d'hiver<\/span><\/a><div class=\"item-main\"><h3 class=\"post-heading nectar-inherit-h3\"><span>Des canap\u00e9s aux d\u00eeners de gala : les \u00e9v\u00e9nements de lobbying de la session d'hiver<\/span><\/h3><span class=\"nectar-post-grid-item__meta-wrap\"><span class=\"meta-author\"><img alt='Reto Naegeli' src='https:\/\/lobbywatch.ch\/wp-content\/uploads\/2025\/12\/signal-2025-11-19-155115.jpeg' srcset='https:\/\/lobbywatch.ch\/wp-content\/uploads\/2025\/12\/signal-2025-11-19-155115.jpeg 2x' class='avatar avatar-40 photo avatar-default' height='40' width='40' \/><span class=\"meta-author-inner\"><span class=\"meta-author-name\">Reto Naegeli<\/span><\/span><\/span><span class=\"meta-date\">d\u00e9cembre 9, 2025<\/span><\/span><\/div><\/div><\/div><\/div><div class=\"nectar-post-grid-item nectar-underline\" style=\"background-color: #FFFFFF;\" data-post-id=\"7964\" data-has-img=\"true\"> <div class=\"inner\"><div class=\"nectar-post-grid-item-bg-wrap\"><div class=\"nectar-post-grid-item-bg-wrap-inner\"><div class=\"nectar-post-grid-item-bg\"><img loading=\"lazy\" decoding=\"async\" width=\"150\" height=\"150\" src=\"https:\/\/lobbywatch.ch\/wp-content\/uploads\/2025\/12\/hjsctslnfzy-150x150.jpg\" class=\"attachment-thumbnail size-thumbnail wp-post-image\" alt=\"red and white marlboro cigarette pack\" srcset=\"https:\/\/lobbywatch.ch\/wp-content\/uploads\/2025\/12\/hjsctslnfzy-150x150.jpg 150w, https:\/\/lobbywatch.ch\/wp-content\/uploads\/2025\/12\/hjsctslnfzy-140x140.jpg 140w, https:\/\/lobbywatch.ch\/wp-content\/uploads\/2025\/12\/hjsctslnfzy-100x100.jpg 100w, https:\/\/lobbywatch.ch\/wp-content\/uploads\/2025\/12\/hjsctslnfzy-500x500.jpg 500w, https:\/\/lobbywatch.ch\/wp-content\/uploads\/2025\/12\/hjsctslnfzy-350x350.jpg 350w, https:\/\/lobbywatch.ch\/wp-content\/uploads\/2025\/12\/hjsctslnfzy-1000x1000.jpg 1000w, https:\/\/lobbywatch.ch\/wp-content\/uploads\/2025\/12\/hjsctslnfzy-800x800.jpg 800w\" sizes=\"auto, (max-width: 150px) 100vw, 150px\" \/><\/div><\/div><\/div><div class=\"content\"><a class=\"nectar-post-grid-link\" href=\"https:\/\/lobbywatch.ch\/fr\/schweiz-bleibt-ein-paradies-fuer-die-tabakindustrie\/\" ><span class=\"screen-reader-text\">La Suisse reste un paradis pour l'industrie du tabac<\/span><\/a><div class=\"item-main\"><h3 class=\"post-heading nectar-inherit-h3\"><span>La Suisse reste un paradis pour l'industrie du tabac<\/span><\/h3><span class=\"nectar-post-grid-item__meta-wrap\"><span class=\"meta-author\"><img alt='Fabian Str\u00e4ssle' src='https:\/\/lobbywatch.ch\/wp-content\/uploads\/2025\/11\/Fabian-e1762163678945.png' srcset='https:\/\/lobbywatch.ch\/wp-content\/uploads\/2025\/11\/Fabian-e1762163678945.png 2x' class='avatar avatar-40 photo avatar-default' height='40' width='40' \/><span class=\"meta-author-inner\"><span class=\"meta-author-name\">Fabian Str\u00e4ssle<\/span><\/span><\/span><span class=\"meta-date\">novembre 13, 2025<\/span><\/span><\/div><\/div><\/div><\/div><div class=\"nectar-post-grid-item nectar-underline\" style=\"background-color: #FFFFFF;\" data-post-id=\"6716\" data-has-img=\"true\"> <div class=\"inner\"><div class=\"nectar-post-grid-item-bg-wrap\"><div class=\"nectar-post-grid-item-bg-wrap-inner\"><div class=\"nectar-post-grid-item-bg\"><img loading=\"lazy\" decoding=\"async\" width=\"150\" height=\"150\" src=\"https:\/\/lobbywatch.ch\/wp-content\/uploads\/2025\/10\/parl_mra_27022024_18-150x150.jpg\" class=\"attachment-thumbnail size-thumbnail wp-post-image\" alt=\"\" srcset=\"https:\/\/lobbywatch.ch\/wp-content\/uploads\/2025\/10\/parl_mra_27022024_18-150x150.jpg 150w, https:\/\/lobbywatch.ch\/wp-content\/uploads\/2025\/10\/parl_mra_27022024_18-140x140.jpg 140w, https:\/\/lobbywatch.ch\/wp-content\/uploads\/2025\/10\/parl_mra_27022024_18-100x100.jpg 100w, https:\/\/lobbywatch.ch\/wp-content\/uploads\/2025\/10\/parl_mra_27022024_18-500x500.jpg 500w, https:\/\/lobbywatch.ch\/wp-content\/uploads\/2025\/10\/parl_mra_27022024_18-350x350.jpg 350w, https:\/\/lobbywatch.ch\/wp-content\/uploads\/2025\/10\/parl_mra_27022024_18-1000x1000.jpg 1000w, https:\/\/lobbywatch.ch\/wp-content\/uploads\/2025\/10\/parl_mra_27022024_18-800x800.jpg 800w\" sizes=\"auto, (max-width: 150px) 100vw, 150px\" \/><\/div><\/div><\/div><div class=\"content\"><a class=\"nectar-post-grid-link\" href=\"https:\/\/lobbywatch.ch\/fr\/die-svp-erhaelt-40-ihres-budgets-vom-bund\/\" ><span class=\"screen-reader-text\">L'UDC re\u00e7oit 40 % de son budget de la Conf\u00e9d\u00e9ration<\/span><\/a><div class=\"item-main\"><h3 class=\"post-heading nectar-inherit-h3\"><span>L'UDC re\u00e7oit 40 % de son budget de la Conf\u00e9d\u00e9ration<\/span><\/h3><span class=\"nectar-post-grid-item__meta-wrap\"><span class=\"meta-author\"><img alt='Balz Oertli' src='https:\/\/secure.gravatar.com\/avatar\/abab824bfea0aa986101c2b39445df674792aecc0ffce38c34b69e4d9ea04b08?s=40&#038;d=mm&#038;r=g' srcset='https:\/\/secure.gravatar.com\/avatar\/abab824bfea0aa986101c2b39445df674792aecc0ffce38c34b69e4d9ea04b08?s=80&#038;d=mm&#038;r=g 2x' class='avatar avatar-40 photo' height='40' width='40' \/><span class=\"meta-author-inner\"><span class=\"meta-author-name\">Balz Oertli<\/span><\/span><\/span><span class=\"meta-date\">octobre 9, 2025<\/span><\/span><\/div><\/div><\/div><\/div><div class=\"nectar-post-grid-item nectar-underline\" style=\"background-color: #FFFFFF;\" data-post-id=\"6164\" data-has-img=\"true\"> <div class=\"inner\"><div class=\"nectar-post-grid-item-bg-wrap\"><div class=\"nectar-post-grid-item-bg-wrap-inner\"><div class=\"nectar-post-grid-item-bg\"><img loading=\"lazy\" decoding=\"async\" width=\"150\" height=\"150\" src=\"https:\/\/lobbywatch.ch\/wp-content\/uploads\/2025\/10\/bellevue-palace-alex-tschentscher-150x150.jpg\" class=\"attachment-thumbnail size-thumbnail wp-post-image\" alt=\"\" srcset=\"https:\/\/lobbywatch.ch\/wp-content\/uploads\/2025\/10\/bellevue-palace-alex-tschentscher-150x150.jpg 150w, https:\/\/lobbywatch.ch\/wp-content\/uploads\/2025\/10\/bellevue-palace-alex-tschentscher-140x140.jpg 140w, https:\/\/lobbywatch.ch\/wp-content\/uploads\/2025\/10\/bellevue-palace-alex-tschentscher-100x100.jpg 100w, https:\/\/lobbywatch.ch\/wp-content\/uploads\/2025\/10\/bellevue-palace-alex-tschentscher-500x500.jpg 500w, https:\/\/lobbywatch.ch\/wp-content\/uploads\/2025\/10\/bellevue-palace-alex-tschentscher-350x350.jpg 350w, https:\/\/lobbywatch.ch\/wp-content\/uploads\/2025\/10\/bellevue-palace-alex-tschentscher-1000x1000.jpg 1000w, https:\/\/lobbywatch.ch\/wp-content\/uploads\/2025\/10\/bellevue-palace-alex-tschentscher-800x800.jpg 800w\" sizes=\"auto, (max-width: 150px) 100vw, 150px\" \/><\/div><\/div><\/div><div class=\"content\"><a class=\"nectar-post-grid-link\" href=\"https:\/\/lobbywatch.ch\/fr\/noch-legitime-interessenvertretung-oder-schon-problematisches-lobbying-die-lobby-events-der-herbstsession-im-ueberblick\/\" ><span class=\"screen-reader-text\">Encore une repr\u00e9sentation l\u00e9gitime des int\u00e9r\u00eats ou d\u00e9j\u00e0 un lobbying probl\u00e9matique ?<\/span><\/a><div class=\"item-main\"><h3 class=\"post-heading nectar-inherit-h3\"><span>Encore une repr\u00e9sentation l\u00e9gitime des int\u00e9r\u00eats ou d\u00e9j\u00e0 un lobbying probl\u00e9matique ?<\/span><\/h3><span class=\"nectar-post-grid-item__meta-wrap\"><span class=\"meta-author\"><img alt='Reto Naegeli' src='https:\/\/lobbywatch.ch\/wp-content\/uploads\/2025\/12\/signal-2025-11-19-155115.jpeg' srcset='https:\/\/lobbywatch.ch\/wp-content\/uploads\/2025\/12\/signal-2025-11-19-155115.jpeg 2x' class='avatar avatar-40 photo avatar-default' height='40' width='40' \/><span class=\"meta-author-inner\"><span class=\"meta-author-name\">Reto Naegeli<\/span><\/span><\/span><span class=\"meta-date\">septembre 3, 2025<\/span><\/span><\/div><\/div><\/div><\/div><div class=\"nectar-post-grid-item nectar-underline\" style=\"background-color: #FFFFFF;\" data-post-id=\"7978\" data-has-img=\"true\"> <div class=\"inner\"><div class=\"nectar-post-grid-item-bg-wrap\"><div class=\"nectar-post-grid-item-bg-wrap-inner\"><div class=\"nectar-post-grid-item-bg\"><img loading=\"lazy\" decoding=\"async\" width=\"150\" height=\"150\" src=\"https:\/\/lobbywatch.ch\/wp-content\/uploads\/2025\/10\/lobbywatch-recherche-web2-150x150.jpg\" class=\"attachment-thumbnail size-thumbnail wp-post-image\" alt=\"\" srcset=\"https:\/\/lobbywatch.ch\/wp-content\/uploads\/2025\/10\/lobbywatch-recherche-web2-150x150.jpg 150w, https:\/\/lobbywatch.ch\/wp-content\/uploads\/2025\/10\/lobbywatch-recherche-web2-300x300.jpg 300w, https:\/\/lobbywatch.ch\/wp-content\/uploads\/2025\/10\/lobbywatch-recherche-web2-768x768.jpg 768w, https:\/\/lobbywatch.ch\/wp-content\/uploads\/2025\/10\/lobbywatch-recherche-web2-140x140.jpg 140w, https:\/\/lobbywatch.ch\/wp-content\/uploads\/2025\/10\/lobbywatch-recherche-web2-100x100.jpg 100w, https:\/\/lobbywatch.ch\/wp-content\/uploads\/2025\/10\/lobbywatch-recherche-web2-500x500.jpg 500w, https:\/\/lobbywatch.ch\/wp-content\/uploads\/2025\/10\/lobbywatch-recherche-web2-350x350.jpg 350w, https:\/\/lobbywatch.ch\/wp-content\/uploads\/2025\/10\/lobbywatch-recherche-web2-800x800.jpg 800w, https:\/\/lobbywatch.ch\/wp-content\/uploads\/2025\/10\/lobbywatch-recherche-web2.jpg 1000w\" sizes=\"auto, (max-width: 150px) 100vw, 150px\" \/><\/div><\/div><\/div><div class=\"content\"><a class=\"nectar-post-grid-link\" href=\"https:\/\/lobbywatch.ch\/fr\/timeline-zu-den-lobby-events-der-sommersession-2\/\" ><span class=\"screen-reader-text\">Timeline des \u00e9v\u00e9nements de lobbying de la session d'\u00e9t\u00e9<\/span><\/a><div class=\"item-main\"><h3 class=\"post-heading nectar-inherit-h3\"><span>Timeline des \u00e9v\u00e9nements de lobbying de la session d'\u00e9t\u00e9<\/span><\/h3><span class=\"nectar-post-grid-item__meta-wrap\"><span class=\"meta-author\"><img alt='Reto Naegeli' src='https:\/\/lobbywatch.ch\/wp-content\/uploads\/2025\/12\/signal-2025-11-19-155115.jpeg' srcset='https:\/\/lobbywatch.ch\/wp-content\/uploads\/2025\/12\/signal-2025-11-19-155115.jpeg 2x' class='avatar avatar-40 photo avatar-default' height='40' width='40' \/><span class=\"meta-author-inner\"><span class=\"meta-author-name\">Reto Naegeli<\/span><\/span><\/span><span class=\"meta-date\">juin 3, 2025<\/span><\/span><\/div><\/div><\/div><\/div><div class=\"nectar-post-grid-item nectar-underline\" style=\"background-color: #FFFFFF;\" data-post-id=\"7509\" data-has-img=\"true\"> <div class=\"inner\"><div class=\"nectar-post-grid-item-bg-wrap\"><div class=\"nectar-post-grid-item-bg-wrap-inner\"><div class=\"nectar-post-grid-item-bg\"><img loading=\"lazy\" decoding=\"async\" width=\"150\" height=\"150\" src=\"https:\/\/lobbywatch.ch\/wp-content\/uploads\/2025\/06\/1024px-Lorenz_Hess-150x150.jpg\" class=\"attachment-thumbnail size-thumbnail wp-post-image\" alt=\"\" srcset=\"https:\/\/lobbywatch.ch\/wp-content\/uploads\/2025\/06\/1024px-Lorenz_Hess-150x150.jpg 150w, https:\/\/lobbywatch.ch\/wp-content\/uploads\/2025\/06\/1024px-Lorenz_Hess-140x140.jpg 140w, https:\/\/lobbywatch.ch\/wp-content\/uploads\/2025\/06\/1024px-Lorenz_Hess-100x100.jpg 100w, https:\/\/lobbywatch.ch\/wp-content\/uploads\/2025\/06\/1024px-Lorenz_Hess-500x500.jpg 500w, https:\/\/lobbywatch.ch\/wp-content\/uploads\/2025\/06\/1024px-Lorenz_Hess-350x350.jpg 350w, https:\/\/lobbywatch.ch\/wp-content\/uploads\/2025\/06\/1024px-Lorenz_Hess-1000x1000.jpg 1000w, https:\/\/lobbywatch.ch\/wp-content\/uploads\/2025\/06\/1024px-Lorenz_Hess-800x800.jpg 800w\" sizes=\"auto, (max-width: 150px) 100vw, 150px\" \/><\/div><\/div><\/div><div class=\"content\"><a class=\"nectar-post-grid-link\" href=\"https:\/\/lobbywatch.ch\/fr\/timeline-zu-den-lobby-events-der-sommersession\/\" ><span class=\"screen-reader-text\">Lorenz Hess, transparence et opacit\u00e9 au sein du lobby de la blockchain<\/span><\/a><div class=\"item-main\"><h3 class=\"post-heading nectar-inherit-h3\"><span>Lorenz Hess, transparence et opacit\u00e9 au sein du lobby de la blockchain<\/span><\/h3><span class=\"nectar-post-grid-item__meta-wrap\"><span class=\"meta-author\"><img alt='Reto Naegeli' src='https:\/\/lobbywatch.ch\/wp-content\/uploads\/2025\/12\/signal-2025-11-19-155115.jpeg' srcset='https:\/\/lobbywatch.ch\/wp-content\/uploads\/2025\/12\/signal-2025-11-19-155115.jpeg 2x' class='avatar avatar-40 photo avatar-default' height='40' width='40' \/><span class=\"meta-author-inner\"><span class=\"meta-author-name\">Reto Naegeli<\/span><\/span><\/span><span class=\"meta-date\">avril 23, 2025<\/span><\/span><\/div><\/div><\/div><\/div><div class=\"nectar-post-grid-item nectar-underline\" style=\"background-color: #FFFFFF;\" data-post-id=\"7984\" data-has-img=\"true\"> <div class=\"inner\"><div class=\"nectar-post-grid-item-bg-wrap\"><div class=\"nectar-post-grid-item-bg-wrap-inner\"><div class=\"nectar-post-grid-item-bg\"><img loading=\"lazy\" decoding=\"async\" width=\"150\" height=\"150\" src=\"https:\/\/lobbywatch.ch\/wp-content\/uploads\/2025\/12\/s7vh1a-kl4w-150x150.jpg\" class=\"attachment-thumbnail size-thumbnail wp-post-image\" alt=\"a person standing outside of a building at night\" srcset=\"https:\/\/lobbywatch.ch\/wp-content\/uploads\/2025\/12\/s7vh1a-kl4w-150x150.jpg 150w, https:\/\/lobbywatch.ch\/wp-content\/uploads\/2025\/12\/s7vh1a-kl4w-140x140.jpg 140w, https:\/\/lobbywatch.ch\/wp-content\/uploads\/2025\/12\/s7vh1a-kl4w-100x100.jpg 100w, https:\/\/lobbywatch.ch\/wp-content\/uploads\/2025\/12\/s7vh1a-kl4w-500x500.jpg 500w, https:\/\/lobbywatch.ch\/wp-content\/uploads\/2025\/12\/s7vh1a-kl4w-350x350.jpg 350w, https:\/\/lobbywatch.ch\/wp-content\/uploads\/2025\/12\/s7vh1a-kl4w-800x800.jpg 800w\" sizes=\"auto, (max-width: 150px) 100vw, 150px\" \/><\/div><\/div><\/div><div class=\"content\"><a class=\"nectar-post-grid-link\" href=\"https:\/\/lobbywatch.ch\/fr\/auch-nach-dem-cs-debakel-die-bankenlobby-bleibt-stark-in-bundesbern\/\" ><span class=\"screen-reader-text\">M\u00eame apr\u00e8s la d\u00e9b\u00e2cle du CS : le lobby bancaire reste puissant \u00e0 Berne<\/span><\/a><div class=\"item-main\"><h3 class=\"post-heading nectar-inherit-h3\"><span>M\u00eame apr\u00e8s la d\u00e9b\u00e2cle du CS : le lobby bancaire reste puissant \u00e0 Berne<\/span><\/h3><span class=\"nectar-post-grid-item__meta-wrap\"><span class=\"meta-author\"><img alt='Reto Naegeli' src='https:\/\/lobbywatch.ch\/wp-content\/uploads\/2025\/12\/signal-2025-11-19-155115.jpeg' srcset='https:\/\/lobbywatch.ch\/wp-content\/uploads\/2025\/12\/signal-2025-11-19-155115.jpeg 2x' class='avatar avatar-40 photo avatar-default' height='40' width='40' \/><span class=\"meta-author-inner\"><span class=\"meta-author-name\">Reto Naegeli<\/span><\/span><\/span><span class=\"meta-date\">mars 21, 2025<\/span><\/span><\/div><\/div><\/div><\/div><div class=\"nectar-post-grid-item nectar-underline\" style=\"background-color: #FFFFFF;\" data-post-id=\"7989\" data-has-img=\"true\"> <div class=\"inner\"><div class=\"nectar-post-grid-item-bg-wrap\"><div class=\"nectar-post-grid-item-bg-wrap-inner\"><div class=\"nectar-post-grid-item-bg\"><img loading=\"lazy\" decoding=\"async\" width=\"150\" height=\"150\" src=\"https:\/\/lobbywatch.ch\/wp-content\/uploads\/2025\/12\/bcgewwhhqsg-150x150.jpg\" class=\"attachment-thumbnail size-thumbnail wp-post-image\" alt=\"a tray of appetizers with toothpicks on them\" srcset=\"https:\/\/lobbywatch.ch\/wp-content\/uploads\/2025\/12\/bcgewwhhqsg-150x150.jpg 150w, https:\/\/lobbywatch.ch\/wp-content\/uploads\/2025\/12\/bcgewwhhqsg-140x140.jpg 140w, https:\/\/lobbywatch.ch\/wp-content\/uploads\/2025\/12\/bcgewwhhqsg-100x100.jpg 100w, https:\/\/lobbywatch.ch\/wp-content\/uploads\/2025\/12\/bcgewwhhqsg-500x500.jpg 500w, https:\/\/lobbywatch.ch\/wp-content\/uploads\/2025\/12\/bcgewwhhqsg-350x350.jpg 350w, https:\/\/lobbywatch.ch\/wp-content\/uploads\/2025\/12\/bcgewwhhqsg-800x800.jpg 800w\" sizes=\"auto, (max-width: 150px) 100vw, 150px\" \/><\/div><\/div><\/div><div class=\"content\"><a class=\"nectar-post-grid-link\" href=\"https:\/\/lobbywatch.ch\/fr\/lobby-fruehling-im-bundeshaus-32-lobby-anlaesse-waehrend-der-fruehlingssession\/\" ><span class=\"screen-reader-text\">Le printemps du lobbying au Palais f\u00e9d\u00e9ral: 32 \u00e9v\u00e9nements de lobbying pendant la session de printemps<\/span><\/a><div class=\"item-main\"><h3 class=\"post-heading nectar-inherit-h3\"><span>Le printemps du lobbying au Palais f\u00e9d\u00e9ral: 32 \u00e9v\u00e9nements de lobbying pendant la session de printemps<\/span><\/h3><span class=\"nectar-post-grid-item__meta-wrap\"><span class=\"meta-author\"><img alt='Reto Naegeli' src='https:\/\/lobbywatch.ch\/wp-content\/uploads\/2025\/12\/signal-2025-11-19-155115.jpeg' srcset='https:\/\/lobbywatch.ch\/wp-content\/uploads\/2025\/12\/signal-2025-11-19-155115.jpeg 2x' class='avatar avatar-40 photo avatar-default' height='40' width='40' \/><span class=\"meta-author-inner\"><span class=\"meta-author-name\">Reto Naegeli<\/span><\/span><\/span><span class=\"meta-date\">mars 6, 2025<\/span><\/span><\/div><\/div><\/div><\/div><\/div><\/div><\/div><\/div>\n\t\t\t<\/div> \n\t\t<\/div>\n\t<\/div> \n<\/div><\/div>","protected":false},"excerpt":{"rendered":"(Bild:\u00a0Martin Baron) Der Wirtschaftsdachverband Economiesuisse l\u00e4utete am 3. M\u00e4rz die Lobby-Saison mit einem brisanten Thema ein: Migrationspolitik. W\u00e4hrend Parlamentarier im noblen Hotel Bellevue bei H\u00e4ppchen und Weisswein \u00fcber Zuwanderungssteuerung diskutierten,...","protected":false},"author":10,"featured_media":7121,"comment_status":"closed","ping_status":"closed","sticky":false,"template":"","format":"standard","meta":{"footnotes":""},"categories":[78,79],"tags":[],"ppma_author":[130],"class_list":{"0":"post-8867","1":"post","2":"type-post","3":"status-publish","4":"format-standard","5":"has-post-thumbnail","7":"category-lobbywatch","8":"category-transparenzbericht"},"authors":[{"term_id":130,"user_id":10,"is_guest":0,"slug":"thomas-angeli","display_name":"Thomas Angeli","avatar_url":"https:\/\/secure.gravatar.com\/avatar\/b0afc8a2b01a45eac87a09924fa9289e117d991736219c2a4e4f5523a90da19d?s=96&d=mm&r=g","0":null,"1":"","2":"","3":"","4":"","5":"","6":"","7":"","8":""}],"_links":{"self":[{"href":"https:\/\/lobbywatch.ch\/fr\/wp-json\/wp\/v2\/posts\/8867","targetHints":{"allow":["GET"]}}],"collection":[{"href":"https:\/\/lobbywatch.ch\/fr\/wp-json\/wp\/v2\/posts"}],"about":[{"href":"https:\/\/lobbywatch.ch\/fr\/wp-json\/wp\/v2\/types\/post"}],"author":[{"embeddable":true,"href":"https:\/\/lobbywatch.ch\/fr\/wp-json\/wp\/v2\/users\/10"}],"replies":[{"embeddable":true,"href":"https:\/\/lobbywatch.ch\/fr\/wp-json\/wp\/v2\/comments?post=8867"}],"version-history":[{"count":1,"href":"https:\/\/lobbywatch.ch\/fr\/wp-json\/wp\/v2\/posts\/8867\/revisions"}],"predecessor-version":[{"id":8868,"href":"https:\/\/lobbywatch.ch\/fr\/wp-json\/wp\/v2\/posts\/8867\/revisions\/8868"}],"wp:featuredmedia":[{"embeddable":true,"href":"https:\/\/lobbywatch.ch\/fr\/wp-json\/wp\/v2\/media\/7121"}],"wp:attachment":[{"href":"https:\/\/lobbywatch.ch\/fr\/wp-json\/wp\/v2\/media?parent=8867"}],"wp:term":[{"taxonomy":"category","embeddable":true,"href":"https:\/\/lobbywatch.ch\/fr\/wp-json\/wp\/v2\/categories?post=8867"},{"taxonomy":"post_tag","embeddable":true,"href":"https:\/\/lobbywatch.ch\/fr\/wp-json\/wp\/v2\/tags?post=8867"},{"taxonomy":"author","embeddable":true,"href":"https:\/\/lobbywatch.ch\/fr\/wp-json\/wp\/v2\/ppma_author?post=8867"}],"curies":[{"name":"wp","href":"https:\/\/api.w.org\/{rel}","templated":true}]}}