{"id":8002,"date":"2024-12-02T15:59:28","date_gmt":"2024-12-02T15:59:28","guid":{"rendered":"https:\/\/wp.lobbywatch.ch\/?p=8002"},"modified":"2025-12-09T16:00:30","modified_gmt":"2025-12-09T16:00:30","slug":"abstimmung-zum-autobahnausbau-mangelnde-transparenz-der-auto-lobby","status":"publish","type":"post","link":"https:\/\/lobbywatch.ch\/fr\/abstimmung-zum-autobahnausbau-mangelnde-transparenz-der-auto-lobby\/","title":{"rendered":"Vote sur l'extension des autoroutes: manque de transparence du lobby automobile"},"content":{"rendered":"<div id=\"fws_69f052f8ec927\"  data-column-margin=\"default\" data-midnight=\"dark\"  class=\"wpb_row vc_row-fluid vc_row\"  style=\"padding-top: 0px; padding-bottom: 0px; \"><div class=\"row-bg-wrap\" data-bg-animation=\"none\" data-bg-animation-delay=\"\" data-bg-overlay=\"false\"><div class=\"inner-wrap row-bg-layer\" ><div class=\"row-bg viewport-desktop\"  style=\"\"><\/div><\/div><\/div><div class=\"row_col_wrap_12 col span_12 dark left\">\n\t<div  class=\"vc_col-sm-12 wpb_column column_container vc_column_container col no-extra-padding el_spacing_0px inherit_tablet inherit_phone\"  data-padding-pos=\"all\" data-has-bg-color=\"false\" data-bg-color=\"\" data-bg-opacity=\"1\" data-animation=\"\" data-delay=\"0\" >\n\t\t<div class=\"vc_column-inner\" >\n\t\t\t<div class=\"wpb_wrapper\">\n\t\t\t\t\n<div class=\"wpb_text_column wpb_content_element\" >\n\t<div class=\"wpb_wrapper\">\n\t\t<h6 style=\"color: #7e95ad;\"><em>(Image: Patrick Federi)<\/em><\/h6>\n\t<\/div>\n<\/div>\n\n\n\n\n<div class=\"wpb_text_column wpb_content_element\" >\n\t<div class=\"wpb_wrapper\">\n\t\t<div class=\"heateor_sss_sharing_container heateor_sss_horizontal_sharing\" data-heateor-ss-offset=\"0\" data-heateor-sss-href='https:\/\/lobbywatch.ch\/fr\/abstimmung-zum-autobahnausbau-mangelnde-transparenz-der-auto-lobby\/'><div class=\"heateor_sss_sharing_ul\"><a aria-label=\"Whatsapp\" class=\"heateor_sss_whatsapp\" href=\"https:\/\/api.whatsapp.com\/send?text=Abstimmung%20zum%20Autobahnausbau%3A%20Mangelnde%20Transparenz%20der%20Auto-Lobby%20https%3A%2F%2Flobbywatch.ch%2Ffr%2Fabstimmung-zum-autobahnausbau-mangelnde-transparenz-der-auto-lobby%2F\" title=\"Whatsapp\" rel=\"nofollow noopener\" target=\"_blank\" style=\"font-size:32px!important;box-shadow:none;display:inline-block;vertical-align:middle\"><span class=\"heateor_sss_svg\" style=\"background-color:#55eb4c;width:23px;height:23px;border-radius:999px;display:inline-block;opacity:1;float:left;font-size:32px;box-shadow:none;display:inline-block;font-size:16px;padding:0 4px;vertical-align:middle;background-repeat:repeat;overflow:hidden;padding:0;cursor:pointer;box-sizing:content-box\"><svg style=\"display:block;border-radius:999px;\" focusable=\"false\" aria-hidden=\"true\" xmlns=\"http:\/\/www.w3.org\/2000\/svg\" width=\"100%\" height=\"100%\" viewbox=\"-6 -5 40 40\"><path class=\"heateor_sss_svg_stroke heateor_sss_no_fill\" stroke=\"#fff\" stroke-width=\"2\" fill=\"none\" d=\"M 11.579798566743314 24.396926207859085 A 10 10 0 1 0 6.808479557110079 20.73576436351046\"><\/path><path d=\"M 7 19 l -1 6 l 6 -1\" class=\"heateor_sss_no_fill heateor_sss_svg_stroke\" stroke=\"#fff\" stroke-width=\"2\" fill=\"none\"><\/path><path d=\"M 10 10 q -1 8 8 11 c 5 -1 0 -6 -1 -3 q -4 -3 -5 -5 c 4 -2 -1 -5 -1 -4\" fill=\"#fff\"><\/path><\/svg><\/span><\/a><a aria-label=\"X\" class=\"heateor_sss_button_x\" href=\"https:\/\/twitter.com\/intent\/tweet?text=Abstimmung%20zum%20Autobahnausbau%3A%20Mangelnde%20Transparenz%20der%20Auto-Lobby&url=https%3A%2F%2Flobbywatch.ch%2Ffr%2Fabstimmung-zum-autobahnausbau-mangelnde-transparenz-der-auto-lobby%2F\" title=\"X\" rel=\"nofollow noopener\" target=\"_blank\" style=\"font-size:32px!important;box-shadow:none;display:inline-block;vertical-align:middle\"><span class=\"heateor_sss_svg heateor_sss_s__default heateor_sss_s_x\" style=\"background-color:#2a2a2a;width:23px;height:23px;border-radius:999px;display:inline-block;opacity:1;float:left;font-size:32px;box-shadow:none;display:inline-block;font-size:16px;padding:0 4px;vertical-align:middle;background-repeat:repeat;overflow:hidden;padding:0;cursor:pointer;box-sizing:content-box\"><svg width=\"100%\" height=\"100%\" style=\"display:block;border-radius:999px;\" focusable=\"false\" aria-hidden=\"true\" xmlns=\"http:\/\/www.w3.org\/2000\/svg\" viewbox=\"0 0 32 32\"><path fill=\"#fff\" d=\"M21.751 7h3.067l-6.7 7.658L26 25.078h-6.172l-4.833-6.32-5.531 6.32h-3.07l7.167-8.19L6 7h6.328l4.37 5.777L21.75 7Zm-1.076 16.242h1.7L11.404 8.74H9.58l11.094 14.503Z\"><\/path><\/svg><\/span><\/a><a aria-label=\"Facebook\" class=\"heateor_sss_facebook\" href=\"https:\/\/www.facebook.com\/sharer\/sharer.php?u=https%3A%2F%2Flobbywatch.ch%2Ffr%2Fabstimmung-zum-autobahnausbau-mangelnde-transparenz-der-auto-lobby%2F\" title=\"Facebook\" rel=\"nofollow noopener\" target=\"_blank\" style=\"font-size:32px!important;box-shadow:none;display:inline-block;vertical-align:middle\"><span class=\"heateor_sss_svg\" style=\"background-color:#0765FE;width:23px;height:23px;border-radius:999px;display:inline-block;opacity:1;float:left;font-size:32px;box-shadow:none;display:inline-block;font-size:16px;padding:0 4px;vertical-align:middle;background-repeat:repeat;overflow:hidden;padding:0;cursor:pointer;box-sizing:content-box\"><svg style=\"display:block;border-radius:999px;\" focusable=\"false\" aria-hidden=\"true\" xmlns=\"http:\/\/www.w3.org\/2000\/svg\" width=\"100%\" height=\"100%\" viewbox=\"0 0 32 32\"><path fill=\"#fff\" d=\"M28 16c0-6.627-5.373-12-12-12S4 9.373 4 16c0 5.628 3.875 10.35 9.101 11.647v-7.98h-2.474V16H13.1v-1.58c0-4.085 1.849-5.978 5.859-5.978.76 0 2.072.15 2.608.298v3.325c-.283-.03-.775-.045-1.386-.045-1.967 0-2.728.745-2.728 2.683V16h3.92l-.673 3.667h-3.247v8.245C23.395 27.195 28 22.135 28 16Z\"><\/path><\/svg><\/span><\/a><a aria-label=\"Instagram\" class=\"heateor_sss_button_instagram\" href=\"https:\/\/www.instagram.com\/\" title=\"Instagram\" rel=\"nofollow noopener\" target=\"_blank\" style=\"font-size:32px!important;box-shadow:none;display:inline-block;vertical-align:middle\"><span class=\"heateor_sss_svg\" style=\"background-color:#53beee;width:23px;height:23px;border-radius:999px;display:inline-block;opacity:1;float:left;font-size:32px;box-shadow:none;display:inline-block;font-size:16px;padding:0 4px;vertical-align:middle;background-repeat:repeat;overflow:hidden;padding:0;cursor:pointer;box-sizing:content-box\"><svg style=\"display:block;border-radius:999px;\" version=\"1.1\" viewbox=\"-10 -10 148 148\" width=\"100%\" height=\"100%\" xml:space=\"preserve\" xmlns=\"http:\/\/www.w3.org\/2000\/svg\" xmlns:xlink=\"http:\/\/www.w3.org\/1999\/xlink\"><g><g><path d=\"M86,112H42c-14.336,0-26-11.663-26-26V42c0-14.337,11.664-26,26-26h44c14.337,0,26,11.663,26,26v44 C112,100.337,100.337,112,86,112z M42,24c-9.925,0-18,8.074-18,18v44c0,9.925,8.075,18,18,18h44c9.926,0,18-8.075,18-18V42 c0-9.926-8.074-18-18-18H42z\" fill=\"#fff\"><\/path><\/g><g><path d=\"M64,88c-13.234,0-24-10.767-24-24c0-13.234,10.766-24,24-24s24,10.766,24,24C88,77.233,77.234,88,64,88z M64,48c-8.822,0-16,7.178-16,16s7.178,16,16,16c8.822,0,16-7.178,16-16S72.822,48,64,48z\" fill=\"#fff\"><\/path><\/g><g><circle cx=\"89.5\" cy=\"38.5\" fill=\"#fff\" r=\"5.5\"><\/circle><\/g><\/g><\/svg><\/span><\/a><a aria-label=\"Linkedin\" class=\"heateor_sss_button_linkedin\" href=\"https:\/\/www.linkedin.com\/sharing\/share-offsite\/?url=https%3A%2F%2Flobbywatch.ch%2Ffr%2Fabstimmung-zum-autobahnausbau-mangelnde-transparenz-der-auto-lobby%2F\" title=\"Linkedin\" rel=\"nofollow noopener\" target=\"_blank\" style=\"font-size:32px!important;box-shadow:none;display:inline-block;vertical-align:middle\"><span class=\"heateor_sss_svg heateor_sss_s__default heateor_sss_s_linkedin\" style=\"background-color:#0077b5;width:23px;height:23px;border-radius:999px;display:inline-block;opacity:1;float:left;font-size:32px;box-shadow:none;display:inline-block;font-size:16px;padding:0 4px;vertical-align:middle;background-repeat:repeat;overflow:hidden;padding:0;cursor:pointer;box-sizing:content-box\"><svg style=\"display:block;border-radius:999px;\" focusable=\"false\" aria-hidden=\"true\" xmlns=\"http:\/\/www.w3.org\/2000\/svg\" width=\"100%\" height=\"100%\" viewbox=\"0 0 32 32\"><path d=\"M6.227 12.61h4.19v13.48h-4.19V12.61zm2.095-6.7a2.43 2.43 0 0 1 0 4.86c-1.344 0-2.428-1.09-2.428-2.43s1.084-2.43 2.428-2.43m4.72 6.7h4.02v1.84h.058c.56-1.058 1.927-2.176 3.965-2.176 4.238 0 5.02 2.792 5.02 6.42v7.395h-4.183v-6.56c0-1.564-.03-3.574-2.178-3.574-2.18 0-2.514 1.7-2.514 3.46v6.668h-4.187V12.61z\" fill=\"#fff\"><\/path><\/svg><\/span><\/a><a aria-label=\"Mastodon\" class=\"heateor_sss_button_mastodon\" href=\"https:\/\/mastodon.social\/share?text=https%3A%2F%2Flobbywatch.ch%2Ffr%2Fabstimmung-zum-autobahnausbau-mangelnde-transparenz-der-auto-lobby%2F&title=Abstimmung%20zum%20Autobahnausbau%3A%20Mangelnde%20Transparenz%20der%20Auto-Lobby\" title=\"Mastodon\" rel=\"nofollow noopener\" target=\"_blank\" style=\"font-size:32px!important;box-shadow:none;display:inline-block;vertical-align:middle\"><span class=\"heateor_sss_svg heateor_sss_s__default heateor_sss_s_mastodon\" style=\"background-color:#6364FF;width:23px;height:23px;border-radius:999px;display:inline-block;opacity:1;float:left;font-size:32px;box-shadow:none;display:inline-block;font-size:16px;padding:0 4px;vertical-align:middle;background-repeat:repeat;overflow:hidden;padding:0;cursor:pointer;box-sizing:content-box\"><svg style=\"display:block;border-radius:999px;\" focusable=\"false\" aria-hidden=\"true\" xmlns=\"http:\/\/www.w3.org\/2000\/svg\" width=\"100%\" height=\"100%\" viewbox=\"-3.5 -3.5 39 39\"><path d=\"M27 12c0-5.12-3.35-6.62-3.35-6.62C22 4.56 19.05 4.23 16 4.21c-3 0-5.92.35-7.61 1.12C8.36 5.33 5 6.83 5 12v4c.12 5 .92 9.93 5.54 11.16a17.67 17.67 0 005.44.6 10.88 10.88 0 004.18-.95l-.09-1.95a13.36 13.36 0 01-4.07.54c-2.12-.07-4.37-.23-4.71-2.84a5.58 5.58 0 01-.05-.73 27.46 27.46 0 004.73.63 26.76 26.76 0 004.68-.28c3-.35 5.53-2.17 5.85-3.83A39.25 39.25 0 0027 12zm-3.95 6.59h-2.46v-6c0-1.27-.53-1.91-1.6-1.91s-1.77.76-1.77 2.27v3.29h-2.44v-3.35c0-1.51-.59-2.27-1.77-2.27s-1.6.64-1.6 1.91v6H9v-6.18a4.49 4.49 0 011-3 3.39 3.39 0 012.63-1.12 3.17 3.17 0 012.84 1.44l.61 1 .61-1a3.17 3.17 0 012.84-1.44 3.39 3.39 0 012.63 1.12 4.49 4.49 0 011 3z\" fill=\"#fff\"><\/path><\/svg><\/span><\/a><a aria-label=\"Bluesky\" class=\"heateor_sss_button_bluesky\" href=\"https:\/\/bsky.app\/intent\/compose?text=Abstimmung%20zum%20Autobahnausbau%3A%20Mangelnde%20Transparenz%20der%20Auto-Lobby%20https%3A%2F%2Flobbywatch.ch%2Ffr%2Fabstimmung-zum-autobahnausbau-mangelnde-transparenz-der-auto-lobby%2F\" title=\"Bluesky\" rel=\"nofollow noopener\" target=\"_blank\" style=\"font-size:32px!important;box-shadow:none;display:inline-block;vertical-align:middle\"><span class=\"heateor_sss_svg heateor_sss_s__default heateor_sss_s_bluesky\" style=\"background-color:#0085ff;width:23px;height:23px;border-radius:999px;display:inline-block;opacity:1;float:left;font-size:32px;box-shadow:none;display:inline-block;font-size:16px;padding:0 4px;vertical-align:middle;background-repeat:repeat;overflow:hidden;padding:0;cursor:pointer;box-sizing:content-box\"><svg width=\"100%\" height=\"100%\" style=\"display:block;border-radius:999px;\" focusable=\"false\" aria-hidden=\"true\" viewbox=\"-3 -3 38 38\" xmlns=\"http:\/\/www.w3.org\/2000\/svg\"><path d=\"M16 14.903c-.996-1.928-3.709-5.521-6.231-7.293C7.353 5.912 6.43 6.206 5.827 6.478 5.127 6.793 5 7.861 5 8.49s.346 5.155.572 5.91c.747 2.496 3.404 3.34 5.851 3.07.125-.02.252-.036.38-.052-.126.02-.253.037-.38.051-3.586.529-6.771 1.83-2.594 6.457 4.595 4.735 6.297-1.015 7.171-3.93.874 2.915 1.88 8.458 7.089 3.93 3.911-3.93 1.074-5.928-2.512-6.457a8.122 8.122 0 0 1-.38-.051c.128.016.255.033.38.051 2.447.271 5.104-.573 5.85-3.069.227-.755.573-5.281.573-5.91 0-.629-.127-1.697-.827-2.012-.604-.271-1.526-.566-3.942 1.132-2.522 1.772-5.235 5.365-6.231 7.293Z\" fill=\"#fff\"\/><\/svg><\/span><\/a><a aria-label=\"Email\" class=\"heateor_sss_email\" href=\"https:\/\/lobbywatch.ch\/fr\/abstimmung-zum-autobahnausbau-mangelnde-transparenz-der-auto-lobby\/\" onclick=\"event.preventDefault();window.open('mailto:?subject=' + decodeURIComponent('Abstimmung%20zum%20Autobahnausbau%3A%20Mangelnde%20Transparenz%20der%20Auto-Lobby').replace('&', '%26') + '&body=https%3A%2F%2Flobbywatch.ch%2Ffr%2Fabstimmung-zum-autobahnausbau-mangelnde-transparenz-der-auto-lobby%2F', '_blank')\" title=\"Email\" rel=\"noopener\" style=\"font-size:32px!important;box-shadow:none;display:inline-block;vertical-align:middle\"><span class=\"heateor_sss_svg\" style=\"background-color:#649a3f;width:23px;height:23px;border-radius:999px;display:inline-block;opacity:1;float:left;font-size:32px;box-shadow:none;display:inline-block;font-size:16px;padding:0 4px;vertical-align:middle;background-repeat:repeat;overflow:hidden;padding:0;cursor:pointer;box-sizing:content-box\"><svg style=\"display:block;border-radius:999px;\" focusable=\"false\" aria-hidden=\"true\" xmlns=\"http:\/\/www.w3.org\/2000\/svg\" width=\"100%\" height=\"100%\" viewbox=\"-.75 -.5 36 36\"><path d=\"M 5.5 11 h 23 v 1 l -11 6 l -11 -6 v -1 m 0 2 l 11 6 l 11 -6 v 11 h -22 v -11\" stroke-width=\"1\" fill=\"#fff\"><\/path><\/svg><\/span><\/a><\/div><div class=\"heateorSssClear\"><\/div><\/div>\n\t<\/div>\n<\/div>\n\n\n\n<div class=\"divider-wrap\" data-alignment=\"default\"><div style=\"margin-top: 12.5px; width: 80px; height: 2px; margin-bottom: 12.5px;\" data-width=\"80px\" data-animate=\"\" data-animation-delay=\"\" data-color=\"extra-color-2\" class=\"divider-small-border\"><\/div><\/div>\n<div class=\"wpb_text_column wpb_content_element\" >\n\t<div class=\"wpb_wrapper\">\n\t\t<p>En Suisse romande, personne n\u2019a entendu parler de Wankdorf-Sch\u00f6nb\u00fchl ou du tunnel de Rosenberg. Le d\u00e9bat public sur les autoroutes s\u2019est exclusivement limit\u00e9 \u00e0 l\u2019\u00e9largissement de l\u2019A1 entre Coppet (VD) et Le Vengeron (GE). Un projet \u00abpour les romands\u00bb, rajout\u00e9 \u00e0 la derni\u00e8re minute dans l\u2019\u00e9tape d\u2019am\u00e9nagement 2035 des routes nationales par la Commission des Transports et des T\u00e9l\u00e9communications du Conseil national (CTT-N).<\/p>\n<p>Essentiel pour obtenir le soutien des citoyens romands \u00e0 l\u2019ensemble du paquet d\u2019infrastructures, cet ajout strat\u00e9gique n\u2019\u00e9tait demand\u00e9 ni par les cantons romands ni par le Conseil f\u00e9d\u00e9ral. En revanche, les membres de la commission qui l\u2019ont d\u00e9fendu ont un int\u00e9r\u00eat direct -mais discret- \u00e0 agrandir les autoroutes : un grand nombre d\u2019entre-eux sont r\u00e9mun\u00e9r\u00e9s par les lobbies de la construction et du transport routier.<\/p>\n<h3>Un petit tour sur le site de Lobbywatch le montre: plus d\u2019un quart des membres de cette commission sont salari\u00e9s par des organisations qui profitent de l\u2019agrandissement des autoroutes.<\/h3>\n<p>Qu\u2019il s\u2019agisse du pr\u00e9sident de l\u2019Automobile Club ou d\u2019un conseiller pour les importateurs de voitures, du pr\u00e9sident des motards ou encore de la pr\u00e9sidente des entreprises de d\u00e9pannage, la plupart des membres de la CTT-N ne d\u00e9voilent pas le montant de leurs indemnit\u00e9s. Certains ne d\u00e9clarent m\u00eame pas tous leurs liens d\u2019int\u00e9r\u00eats.<\/p>\n<p>La transparence est pourtant possible: le lib\u00e9ral-radical bernois Christian Wasserfallen rend public, sur notre site, le revenu de 90'000 CHF par an qu\u2019il re\u00e7oit en tant que pr\u00e9sident de l\u2019association des entreprises de construction d\u2019infrastructures.<\/p>\n<p>La r\u00e9mun\u00e9ration des mandats est une information essentielle pour conna\u00eetre les int\u00e9r\u00eats qui s\u2019expriment aussi derri\u00e8re les discours de campagne. Et ce peu importe le camp politique: la CTT-N compte aussi dans ses rangs des parlementaires r\u00e9mun\u00e9r\u00e9s par l\u2019ATE ou la communaut\u00e9 des transports publics.<\/p>\n<p>Aujourd\u2019hui encore, seul un tiers des parlementaires d\u00e9clarent combien ils gagnent avec leurs mandats.<\/p>\n<p>Lobbywatch s\u2019engage depuis dix ans pour augmenter cette transparence.<strong> <a href=\"https:\/\/lobbywatch.ch\/de\/patronage\">Nous avons besoin de votre soutien pour continuer \u00e0 remplir cette mission.<\/a> von Lobbywatch und st\u00e4rken Sie die Schweizer Demokratie.<\/strong><\/p>\n\t<\/div>\n<\/div>\n\n\n\n\n\t\t\t<\/div> \n\t\t<\/div>\n\t<\/div> \n<\/div><\/div>\n\t\t<div id=\"fws_69f052f8ee74f\"  data-column-margin=\"default\" data-midnight=\"dark\"  class=\"wpb_row vc_row-fluid vc_row  right_padding_phone_0px left_padding_phone_0px\"  style=\"padding-top: 130px; padding-bottom: 0px; \"><div class=\"row-bg-wrap\" data-bg-animation=\"none\" data-bg-animation-delay=\"\" data-bg-overlay=\"false\"><div class=\"inner-wrap row-bg-layer\" ><div class=\"row-bg viewport-desktop\"  style=\"\"><\/div><\/div><\/div><div class=\"row_col_wrap_12 col span_12 dark left\">\n\t<div  class=\"vc_col-sm-12 wpb_column column_container vc_column_container col no-extra-padding el_spacing_0px inherit_tablet inherit_phone\"  data-padding-pos=\"all\" data-has-bg-color=\"false\" data-bg-color=\"\" data-bg-opacity=\"1\" data-animation=\"\" data-delay=\"0\" >\n\t\t<div class=\"vc_column-inner\" >\n\t\t\t<div class=\"wpb_wrapper\">\n\t\t\t\t<div class=\"divider-wrap\" data-alignment=\"default\"><div style=\"margin-top: 12.5px; height: 2px; margin-bottom: 12.5px;\" data-width=\"100%\" data-animate=\"\" data-animation-delay=\"\" data-color=\"extra-color-2\" class=\"divider-border\"><\/div><\/div>\n<div class=\"wpb_text_column wpb_content_element\" >\n\t<div class=\"wpb_wrapper\">\n\t\t<h3>Voici les derni\u00e8res actualit\u00e9s de lobbying :<\/h3>\n\t<\/div>\n<\/div>\n\n\n\n<div class='nectar-post-grid-wrap text-color-dark additional-meta-size-small spacing-10px' data-el-settings='{\"post_type\":\"post\",\"pagination\":\"none\",\"image_size\":\"thumbnail\",\"parallax_scrolling\":\"\",\"aspect_ratio_image_size\":\"\",\"category_position\":\"default\",\"category_display\":\"default\",\"display_categories\":\"0\",\"display_excerpt\":\"0\",\"excerpt_length\":\"20\",\"display_date\":\"yes\",\"display_estimated_reading_time\":\"0\",\"display_author\":\"yes\",\"author_functionality\":\"static\",\"author_position\":\"default\",\"color_overlay\":\"\",\"color_overlay_opacity\":\"\",\"color_overlay_hover_opacity\":\"\",\"card_bg_color\":\"#FFFFFF\",\"grid_style\":\"content_under_image\",\"hover_effect\":\"animated_underline\",\"post_title_overlay\":\"\",\"heading_tag\":\"h3\",\"heading_tag_render\":\"h3\",\"enable_gallery_lightbox\":\"0\",\"category_style\":\"underline\",\"overlay_secondary_project_image\":\"\",\"vertical_list_hover_effect\":\"none\",\"vertical_list_read_more\":\"\",\"read_more_button\":\"0\",\"animation\":\"none\",\"custom_fields\":\"\",\"custom_fields_location\":\"before_post_meta\",\"display_type\":\"carousel\",\"text_content_layout\":\"top_left\"}' data-style='content_under_image' data-query='{\"post_type\":\"post\",\"posts_per_page\":\"12\",\"order\":\"DESC\",\"orderby\":\"date\",\"offset\":\"0\",\"cpt_name\":\"post\",\"custom_query_tax\":\"\",\"ignore_sticky_posts\":\"\",\"exclude_current_post\":\"\"}' data-load-more-color='black' data-load-more-text='Load More'><div class=\"nectar-post-grid-filters\" data-active-color=\"default\" data-align=\"default\" data-animation=\"none\" data-sortable=\"\"><div><a href=\"#\" class=\"active  all-filter\" data-total-count=\"73\" data-filter=\"-1\">All<\/a><a href=\"#\" data-filter=\"abstimmungsfinanzierung\" data-total-count=\"3\">Abstimmungsfinanzierung<\/a><a href=\"#\" data-filter=\"lobbyrecherche\" data-total-count=\"21\">Recherche<\/a><a href=\"#\" data-filter=\"lobbywatch\" data-total-count=\"28\">Actualit\u00e9s de Lobbying<\/a><a href=\"#\" data-filter=\"politikfinanzierung\" data-total-count=\"1\">Politikfinanzierung<\/a><a href=\"#\" data-filter=\"transparenzbericht\" data-total-count=\"24\">Rapport de la transparence<\/a><a href=\"#\" data-filter=\"uncategorized\" data-total-count=\"24\">Uncategorized<\/a><\/div><\/div><div class=\"nectar-post-grid nectar-flickity card_hover_color_ECD9D9 custom-aspect-ratio-16-9 category-position-before-title\" data-columns=\"3\" data-hover-effect=\"animated_underline\" data-text-style=\"default\" data-border-radius=\"10px\" data-grid-item-height=\"30vh\" data-grid-spacing=\"10px\" data-text-layout=\"top_left\" data-text-color=\"dark\" data-text-hover-color=\"dark\" data-shadow-hover=\"\" data-animation=\"none\" data-animation-stagger=\"90\" data-cat-click=\"default\"  data-lock-aspect=\"\"  data-text-align=\"left\" data-card=\"yes\" data-controls=\"default\" data-r-bottom-total=\"true\" data-control-style=\"material_pagination\" data-wrap=\"wrap\" data-overflow=\"hidden\" style=\"--post-grid-border-radius:10px;\" ><div class=\"flickity-viewport\"><div class=\"flickity-slider\"><div class=\"nectar-post-grid-item nectar-underline\" style=\"background-color: #FFFFFF;\" data-post-id=\"8959\" data-has-img=\"true\"> <div class=\"inner\"><div class=\"nectar-post-grid-item-bg-wrap\"><div class=\"nectar-post-grid-item-bg-wrap-inner\"><div class=\"nectar-post-grid-item-bg\"><img loading=\"lazy\" decoding=\"async\" width=\"150\" height=\"150\" src=\"https:\/\/lobbywatch.ch\/wp-content\/uploads\/2026\/04\/davide-buttani-3BiVDcqoNSs-unsplash-150x150.jpg\" class=\"attachment-thumbnail size-thumbnail wp-post-image\" alt=\"\" srcset=\"https:\/\/lobbywatch.ch\/wp-content\/uploads\/2026\/04\/davide-buttani-3BiVDcqoNSs-unsplash-150x150.jpg 150w, https:\/\/lobbywatch.ch\/wp-content\/uploads\/2026\/04\/davide-buttani-3BiVDcqoNSs-unsplash-140x140.jpg 140w, https:\/\/lobbywatch.ch\/wp-content\/uploads\/2026\/04\/davide-buttani-3BiVDcqoNSs-unsplash-100x100.jpg 100w, https:\/\/lobbywatch.ch\/wp-content\/uploads\/2026\/04\/davide-buttani-3BiVDcqoNSs-unsplash-500x500.jpg 500w, https:\/\/lobbywatch.ch\/wp-content\/uploads\/2026\/04\/davide-buttani-3BiVDcqoNSs-unsplash-350x350.jpg 350w, https:\/\/lobbywatch.ch\/wp-content\/uploads\/2026\/04\/davide-buttani-3BiVDcqoNSs-unsplash-800x800.jpg 800w\" sizes=\"auto, (max-width: 150px) 100vw, 150px\" \/><\/div><\/div><\/div><div class=\"content\"><a class=\"nectar-post-grid-link\" href=\"https:\/\/lobbywatch.ch\/fr\/mandat-zum-geschaeft\/\" ><span class=\"screen-reader-text\">Quand le mandat parlementaire devient mod\u00e8le d'affaires<\/span><\/a><div class=\"item-main\"><h3 class=\"post-heading nectar-inherit-h3\"><span>Quand le mandat parlementaire devient mod\u00e8le d'affaires<\/span><\/h3><span class=\"nectar-post-grid-item__meta-wrap\"><span class=\"meta-author\"><img alt='Fabian Str\u00e4ssle' src='https:\/\/lobbywatch.ch\/wp-content\/uploads\/2025\/11\/Fabian-e1762163678945.png' srcset='https:\/\/lobbywatch.ch\/wp-content\/uploads\/2025\/11\/Fabian-e1762163678945.png 2x' class='avatar avatar-40 photo avatar-default' height='40' width='40' \/><span class=\"meta-author-inner\"><span class=\"meta-author-name\">Fabian Str\u00e4ssle<\/span><\/span><\/span><span class=\"meta-date\">avril 13, 2026<\/span><\/span><\/div><\/div><\/div><\/div><div class=\"nectar-post-grid-item nectar-underline\" style=\"background-color: #FFFFFF;\" data-post-id=\"8801\" data-has-img=\"true\"> <div class=\"inner\"><div class=\"nectar-post-grid-item-bg-wrap\"><div class=\"nectar-post-grid-item-bg-wrap-inner\"><div class=\"nectar-post-grid-item-bg\"><img loading=\"lazy\" decoding=\"async\" width=\"150\" height=\"150\" src=\"https:\/\/lobbywatch.ch\/wp-content\/uploads\/2025\/09\/home-karusel-2-150x150.jpg\" class=\"attachment-thumbnail size-thumbnail wp-post-image\" alt=\"\" srcset=\"https:\/\/lobbywatch.ch\/wp-content\/uploads\/2025\/09\/home-karusel-2-150x150.jpg 150w, https:\/\/lobbywatch.ch\/wp-content\/uploads\/2025\/09\/home-karusel-2-140x140.jpg 140w, https:\/\/lobbywatch.ch\/wp-content\/uploads\/2025\/09\/home-karusel-2-100x100.jpg 100w, https:\/\/lobbywatch.ch\/wp-content\/uploads\/2025\/09\/home-karusel-2-500x500.jpg 500w, https:\/\/lobbywatch.ch\/wp-content\/uploads\/2025\/09\/home-karusel-2-350x350.jpg 350w, https:\/\/lobbywatch.ch\/wp-content\/uploads\/2025\/09\/home-karusel-2-800x800.jpg 800w\" sizes=\"auto, (max-width: 150px) 100vw, 150px\" \/><\/div><\/div><\/div><div class=\"content\"><a class=\"nectar-post-grid-link\" href=\"https:\/\/lobbywatch.ch\/fr\/wer-in-bern-einfluss-will-laedt-zum-essen\/\" ><span class=\"screen-reader-text\">Pour avoir de l'influence \u00e0 Berne, il faut inviter \u00e0 d\u00eener<\/span><\/a><div class=\"item-main\"><h3 class=\"post-heading nectar-inherit-h3\"><span>Pour avoir de l'influence \u00e0 Berne, il faut inviter \u00e0 d\u00eener<\/span><\/h3><span class=\"nectar-post-grid-item__meta-wrap\"><span class=\"meta-author\"><img alt='Reto Naegeli' src='https:\/\/lobbywatch.ch\/wp-content\/uploads\/2025\/12\/signal-2025-11-19-155115.jpeg' srcset='https:\/\/lobbywatch.ch\/wp-content\/uploads\/2025\/12\/signal-2025-11-19-155115.jpeg 2x' class='avatar avatar-40 photo avatar-default' height='40' width='40' \/><span class=\"meta-author-inner\"><span class=\"meta-author-name\">Reto Naegeli<\/span><\/span><\/span><span class=\"meta-date\">mars 3, 2026<\/span><\/span><\/div><\/div><\/div><\/div><div class=\"nectar-post-grid-item nectar-underline\" style=\"background-color: #FFFFFF;\" data-post-id=\"8779\" data-has-img=\"true\"> <div class=\"inner\"><div class=\"nectar-post-grid-item-bg-wrap\"><div class=\"nectar-post-grid-item-bg-wrap-inner\"><div class=\"nectar-post-grid-item-bg\"><img loading=\"lazy\" decoding=\"async\" width=\"150\" height=\"150\" src=\"https:\/\/lobbywatch.ch\/wp-content\/uploads\/2026\/02\/2821392579_2cc62aa516_o-1-150x150.png\" class=\"attachment-thumbnail size-thumbnail wp-post-image\" alt=\"\" srcset=\"https:\/\/lobbywatch.ch\/wp-content\/uploads\/2026\/02\/2821392579_2cc62aa516_o-1-150x150.png 150w, https:\/\/lobbywatch.ch\/wp-content\/uploads\/2026\/02\/2821392579_2cc62aa516_o-1-140x140.png 140w, https:\/\/lobbywatch.ch\/wp-content\/uploads\/2026\/02\/2821392579_2cc62aa516_o-1-100x100.png 100w, https:\/\/lobbywatch.ch\/wp-content\/uploads\/2026\/02\/2821392579_2cc62aa516_o-1-500x500.png 500w, https:\/\/lobbywatch.ch\/wp-content\/uploads\/2026\/02\/2821392579_2cc62aa516_o-1-350x350.png 350w, https:\/\/lobbywatch.ch\/wp-content\/uploads\/2026\/02\/2821392579_2cc62aa516_o-1-1000x1000.png 1000w, https:\/\/lobbywatch.ch\/wp-content\/uploads\/2026\/02\/2821392579_2cc62aa516_o-1-800x800.png 800w\" sizes=\"auto, (max-width: 150px) 100vw, 150px\" \/><\/div><\/div><\/div><div class=\"content\"><a class=\"nectar-post-grid-link\" href=\"https:\/\/lobbywatch.ch\/fr\/wer-zahlt-gewinnt-abstimmungsfinanzierung-vom-8-maerz-im-check\/\" ><span class=\"screen-reader-text\">Qui paie gagne ? Le financement des votations du 8 mars sous la loupe<\/span><\/a><div class=\"item-main\"><h3 class=\"post-heading nectar-inherit-h3\"><span>Qui paie gagne ? Le financement des votations du 8 mars sous la loupe<\/span><\/h3><span class=\"nectar-post-grid-item__meta-wrap\"><span class=\"meta-author\"><img alt='Reto Naegeli' src='https:\/\/lobbywatch.ch\/wp-content\/uploads\/2025\/12\/signal-2025-11-19-155115.jpeg' srcset='https:\/\/lobbywatch.ch\/wp-content\/uploads\/2025\/12\/signal-2025-11-19-155115.jpeg 2x' class='avatar avatar-40 photo avatar-default' height='40' width='40' \/><span class=\"meta-author-inner\"><span class=\"meta-author-name\">Reto Naegeli<\/span><\/span><\/span><span class=\"meta-date\">mars 2, 2026<\/span><\/span><\/div><\/div><\/div><\/div><div class=\"nectar-post-grid-item nectar-underline\" style=\"background-color: #FFFFFF;\" data-post-id=\"8310\" data-has-img=\"true\"> <div class=\"inner\"><div class=\"nectar-post-grid-item-bg-wrap\"><div class=\"nectar-post-grid-item-bg-wrap-inner\"><div class=\"nectar-post-grid-item-bg\"><img loading=\"lazy\" decoding=\"async\" width=\"150\" height=\"150\" src=\"https:\/\/lobbywatch.ch\/wp-content\/uploads\/2025\/12\/parl_somsess25_1806_39-150x150.jpg\" class=\"attachment-thumbnail size-thumbnail wp-post-image\" alt=\"\" srcset=\"https:\/\/lobbywatch.ch\/wp-content\/uploads\/2025\/12\/parl_somsess25_1806_39-150x150.jpg 150w, https:\/\/lobbywatch.ch\/wp-content\/uploads\/2025\/12\/parl_somsess25_1806_39-140x140.jpg 140w, https:\/\/lobbywatch.ch\/wp-content\/uploads\/2025\/12\/parl_somsess25_1806_39-100x100.jpg 100w, https:\/\/lobbywatch.ch\/wp-content\/uploads\/2025\/12\/parl_somsess25_1806_39-500x500.jpg 500w, https:\/\/lobbywatch.ch\/wp-content\/uploads\/2025\/12\/parl_somsess25_1806_39-350x350.jpg 350w, https:\/\/lobbywatch.ch\/wp-content\/uploads\/2025\/12\/parl_somsess25_1806_39-1000x1000.jpg 1000w, https:\/\/lobbywatch.ch\/wp-content\/uploads\/2025\/12\/parl_somsess25_1806_39-800x800.jpg 800w\" sizes=\"auto, (max-width: 150px) 100vw, 150px\" \/><\/div><\/div><\/div><div class=\"content\"><a class=\"nectar-post-grid-link\" href=\"https:\/\/lobbywatch.ch\/fr\/transparenz-im-schweizer-parlament-nur-jedes-vierte-ratsmitglied-legt-alle-einkuenfte-offen\/\" ><span class=\"screen-reader-text\">Transparence au Parlement suisse : seulement un\u00b7e \u00e9lu\u00b7e sur quatre divulgue l\u2019ensemble de ses revenus<\/span><\/a><div class=\"item-main\"><h3 class=\"post-heading nectar-inherit-h3\"><span>Transparence au Parlement suisse : seulement un\u00b7e \u00e9lu\u00b7e sur quatre divulgue l\u2019ensemble de ses revenus<\/span><\/h3><span class=\"nectar-post-grid-item__meta-wrap\"><span class=\"meta-author\"><img alt='Reto Naegeli' src='https:\/\/lobbywatch.ch\/wp-content\/uploads\/2025\/12\/signal-2025-11-19-155115.jpeg' srcset='https:\/\/lobbywatch.ch\/wp-content\/uploads\/2025\/12\/signal-2025-11-19-155115.jpeg 2x' class='avatar avatar-40 photo avatar-default' height='40' width='40' \/><span class=\"meta-author-inner\"><span class=\"meta-author-name\">Reto Naegeli<\/span><\/span><\/span><span class=\"meta-date\">d\u00e9cembre 30, 2025<\/span><\/span><\/div><\/div><\/div><\/div><div class=\"nectar-post-grid-item nectar-underline\" style=\"background-color: #FFFFFF;\" data-post-id=\"7959\" data-has-img=\"true\"> <div class=\"inner\"><div class=\"nectar-post-grid-item-bg-wrap\"><div class=\"nectar-post-grid-item-bg-wrap-inner\"><div class=\"nectar-post-grid-item-bg\"><img loading=\"lazy\" decoding=\"async\" width=\"150\" height=\"150\" src=\"https:\/\/lobbywatch.ch\/wp-content\/uploads\/2025\/12\/bcgewwhhqsg-150x150.jpg\" class=\"attachment-thumbnail size-thumbnail wp-post-image\" alt=\"a tray of appetizers with toothpicks on them\" srcset=\"https:\/\/lobbywatch.ch\/wp-content\/uploads\/2025\/12\/bcgewwhhqsg-150x150.jpg 150w, https:\/\/lobbywatch.ch\/wp-content\/uploads\/2025\/12\/bcgewwhhqsg-140x140.jpg 140w, https:\/\/lobbywatch.ch\/wp-content\/uploads\/2025\/12\/bcgewwhhqsg-100x100.jpg 100w, https:\/\/lobbywatch.ch\/wp-content\/uploads\/2025\/12\/bcgewwhhqsg-500x500.jpg 500w, https:\/\/lobbywatch.ch\/wp-content\/uploads\/2025\/12\/bcgewwhhqsg-350x350.jpg 350w, https:\/\/lobbywatch.ch\/wp-content\/uploads\/2025\/12\/bcgewwhhqsg-800x800.jpg 800w\" sizes=\"auto, (max-width: 150px) 100vw, 150px\" \/><\/div><\/div><\/div><div class=\"content\"><a class=\"nectar-post-grid-link\" href=\"https:\/\/lobbywatch.ch\/fr\/von-canapes-bis-gala-dinners-die-lobbyevents-der-wintersession\/\" ><span class=\"screen-reader-text\">Des canap\u00e9s aux d\u00eeners de gala : les \u00e9v\u00e9nements de lobbying de la session d'hiver<\/span><\/a><div class=\"item-main\"><h3 class=\"post-heading nectar-inherit-h3\"><span>Des canap\u00e9s aux d\u00eeners de gala : les \u00e9v\u00e9nements de lobbying de la session d'hiver<\/span><\/h3><span class=\"nectar-post-grid-item__meta-wrap\"><span class=\"meta-author\"><img alt='Reto Naegeli' src='https:\/\/lobbywatch.ch\/wp-content\/uploads\/2025\/12\/signal-2025-11-19-155115.jpeg' srcset='https:\/\/lobbywatch.ch\/wp-content\/uploads\/2025\/12\/signal-2025-11-19-155115.jpeg 2x' class='avatar avatar-40 photo avatar-default' height='40' width='40' \/><span class=\"meta-author-inner\"><span class=\"meta-author-name\">Reto Naegeli<\/span><\/span><\/span><span class=\"meta-date\">d\u00e9cembre 9, 2025<\/span><\/span><\/div><\/div><\/div><\/div><div class=\"nectar-post-grid-item nectar-underline\" style=\"background-color: #FFFFFF;\" data-post-id=\"7964\" data-has-img=\"true\"> <div class=\"inner\"><div class=\"nectar-post-grid-item-bg-wrap\"><div class=\"nectar-post-grid-item-bg-wrap-inner\"><div class=\"nectar-post-grid-item-bg\"><img loading=\"lazy\" decoding=\"async\" width=\"150\" height=\"150\" src=\"https:\/\/lobbywatch.ch\/wp-content\/uploads\/2025\/12\/hjsctslnfzy-150x150.jpg\" class=\"attachment-thumbnail size-thumbnail wp-post-image\" alt=\"red and white marlboro cigarette pack\" srcset=\"https:\/\/lobbywatch.ch\/wp-content\/uploads\/2025\/12\/hjsctslnfzy-150x150.jpg 150w, https:\/\/lobbywatch.ch\/wp-content\/uploads\/2025\/12\/hjsctslnfzy-140x140.jpg 140w, https:\/\/lobbywatch.ch\/wp-content\/uploads\/2025\/12\/hjsctslnfzy-100x100.jpg 100w, https:\/\/lobbywatch.ch\/wp-content\/uploads\/2025\/12\/hjsctslnfzy-500x500.jpg 500w, https:\/\/lobbywatch.ch\/wp-content\/uploads\/2025\/12\/hjsctslnfzy-350x350.jpg 350w, https:\/\/lobbywatch.ch\/wp-content\/uploads\/2025\/12\/hjsctslnfzy-1000x1000.jpg 1000w, https:\/\/lobbywatch.ch\/wp-content\/uploads\/2025\/12\/hjsctslnfzy-800x800.jpg 800w\" sizes=\"auto, (max-width: 150px) 100vw, 150px\" \/><\/div><\/div><\/div><div class=\"content\"><a class=\"nectar-post-grid-link\" href=\"https:\/\/lobbywatch.ch\/fr\/schweiz-bleibt-ein-paradies-fuer-die-tabakindustrie\/\" ><span class=\"screen-reader-text\">La Suisse reste un paradis pour l'industrie du tabac<\/span><\/a><div class=\"item-main\"><h3 class=\"post-heading nectar-inherit-h3\"><span>La Suisse reste un paradis pour l'industrie du tabac<\/span><\/h3><span class=\"nectar-post-grid-item__meta-wrap\"><span class=\"meta-author\"><img alt='Fabian Str\u00e4ssle' src='https:\/\/lobbywatch.ch\/wp-content\/uploads\/2025\/11\/Fabian-e1762163678945.png' srcset='https:\/\/lobbywatch.ch\/wp-content\/uploads\/2025\/11\/Fabian-e1762163678945.png 2x' class='avatar avatar-40 photo avatar-default' height='40' width='40' \/><span class=\"meta-author-inner\"><span class=\"meta-author-name\">Fabian Str\u00e4ssle<\/span><\/span><\/span><span class=\"meta-date\">novembre 13, 2025<\/span><\/span><\/div><\/div><\/div><\/div><div class=\"nectar-post-grid-item nectar-underline\" style=\"background-color: #FFFFFF;\" data-post-id=\"6716\" data-has-img=\"true\"> <div class=\"inner\"><div class=\"nectar-post-grid-item-bg-wrap\"><div class=\"nectar-post-grid-item-bg-wrap-inner\"><div class=\"nectar-post-grid-item-bg\"><img loading=\"lazy\" decoding=\"async\" width=\"150\" height=\"150\" src=\"https:\/\/lobbywatch.ch\/wp-content\/uploads\/2025\/10\/parl_mra_27022024_18-150x150.jpg\" class=\"attachment-thumbnail size-thumbnail wp-post-image\" alt=\"\" srcset=\"https:\/\/lobbywatch.ch\/wp-content\/uploads\/2025\/10\/parl_mra_27022024_18-150x150.jpg 150w, https:\/\/lobbywatch.ch\/wp-content\/uploads\/2025\/10\/parl_mra_27022024_18-140x140.jpg 140w, https:\/\/lobbywatch.ch\/wp-content\/uploads\/2025\/10\/parl_mra_27022024_18-100x100.jpg 100w, https:\/\/lobbywatch.ch\/wp-content\/uploads\/2025\/10\/parl_mra_27022024_18-500x500.jpg 500w, https:\/\/lobbywatch.ch\/wp-content\/uploads\/2025\/10\/parl_mra_27022024_18-350x350.jpg 350w, https:\/\/lobbywatch.ch\/wp-content\/uploads\/2025\/10\/parl_mra_27022024_18-1000x1000.jpg 1000w, https:\/\/lobbywatch.ch\/wp-content\/uploads\/2025\/10\/parl_mra_27022024_18-800x800.jpg 800w\" sizes=\"auto, (max-width: 150px) 100vw, 150px\" \/><\/div><\/div><\/div><div class=\"content\"><a class=\"nectar-post-grid-link\" href=\"https:\/\/lobbywatch.ch\/fr\/die-svp-erhaelt-40-ihres-budgets-vom-bund\/\" ><span class=\"screen-reader-text\">L'UDC re\u00e7oit 40 % de son budget de la Conf\u00e9d\u00e9ration<\/span><\/a><div class=\"item-main\"><h3 class=\"post-heading nectar-inherit-h3\"><span>L'UDC re\u00e7oit 40 % de son budget de la Conf\u00e9d\u00e9ration<\/span><\/h3><span class=\"nectar-post-grid-item__meta-wrap\"><span class=\"meta-author\"><img alt='Balz Oertli' src='https:\/\/secure.gravatar.com\/avatar\/abab824bfea0aa986101c2b39445df674792aecc0ffce38c34b69e4d9ea04b08?s=40&#038;d=mm&#038;r=g' srcset='https:\/\/secure.gravatar.com\/avatar\/abab824bfea0aa986101c2b39445df674792aecc0ffce38c34b69e4d9ea04b08?s=80&#038;d=mm&#038;r=g 2x' class='avatar avatar-40 photo' height='40' width='40' \/><span class=\"meta-author-inner\"><span class=\"meta-author-name\">Balz Oertli<\/span><\/span><\/span><span class=\"meta-date\">octobre 9, 2025<\/span><\/span><\/div><\/div><\/div><\/div><div class=\"nectar-post-grid-item nectar-underline\" style=\"background-color: #FFFFFF;\" data-post-id=\"6164\" data-has-img=\"true\"> <div class=\"inner\"><div class=\"nectar-post-grid-item-bg-wrap\"><div class=\"nectar-post-grid-item-bg-wrap-inner\"><div class=\"nectar-post-grid-item-bg\"><img loading=\"lazy\" decoding=\"async\" width=\"150\" height=\"150\" src=\"https:\/\/lobbywatch.ch\/wp-content\/uploads\/2025\/10\/bellevue-palace-alex-tschentscher-150x150.jpg\" class=\"attachment-thumbnail size-thumbnail wp-post-image\" alt=\"\" srcset=\"https:\/\/lobbywatch.ch\/wp-content\/uploads\/2025\/10\/bellevue-palace-alex-tschentscher-150x150.jpg 150w, https:\/\/lobbywatch.ch\/wp-content\/uploads\/2025\/10\/bellevue-palace-alex-tschentscher-140x140.jpg 140w, https:\/\/lobbywatch.ch\/wp-content\/uploads\/2025\/10\/bellevue-palace-alex-tschentscher-100x100.jpg 100w, https:\/\/lobbywatch.ch\/wp-content\/uploads\/2025\/10\/bellevue-palace-alex-tschentscher-500x500.jpg 500w, https:\/\/lobbywatch.ch\/wp-content\/uploads\/2025\/10\/bellevue-palace-alex-tschentscher-350x350.jpg 350w, https:\/\/lobbywatch.ch\/wp-content\/uploads\/2025\/10\/bellevue-palace-alex-tschentscher-1000x1000.jpg 1000w, https:\/\/lobbywatch.ch\/wp-content\/uploads\/2025\/10\/bellevue-palace-alex-tschentscher-800x800.jpg 800w\" sizes=\"auto, (max-width: 150px) 100vw, 150px\" \/><\/div><\/div><\/div><div class=\"content\"><a class=\"nectar-post-grid-link\" href=\"https:\/\/lobbywatch.ch\/fr\/noch-legitime-interessenvertretung-oder-schon-problematisches-lobbying-die-lobby-events-der-herbstsession-im-ueberblick\/\" ><span class=\"screen-reader-text\">Encore une repr\u00e9sentation l\u00e9gitime des int\u00e9r\u00eats ou d\u00e9j\u00e0 un lobbying probl\u00e9matique ?<\/span><\/a><div class=\"item-main\"><h3 class=\"post-heading nectar-inherit-h3\"><span>Encore une repr\u00e9sentation l\u00e9gitime des int\u00e9r\u00eats ou d\u00e9j\u00e0 un lobbying probl\u00e9matique ?<\/span><\/h3><span class=\"nectar-post-grid-item__meta-wrap\"><span class=\"meta-author\"><img alt='Reto Naegeli' src='https:\/\/lobbywatch.ch\/wp-content\/uploads\/2025\/12\/signal-2025-11-19-155115.jpeg' srcset='https:\/\/lobbywatch.ch\/wp-content\/uploads\/2025\/12\/signal-2025-11-19-155115.jpeg 2x' class='avatar avatar-40 photo avatar-default' height='40' width='40' \/><span class=\"meta-author-inner\"><span class=\"meta-author-name\">Reto Naegeli<\/span><\/span><\/span><span class=\"meta-date\">septembre 3, 2025<\/span><\/span><\/div><\/div><\/div><\/div><div class=\"nectar-post-grid-item nectar-underline\" style=\"background-color: #FFFFFF;\" data-post-id=\"7978\" data-has-img=\"true\"> <div class=\"inner\"><div class=\"nectar-post-grid-item-bg-wrap\"><div class=\"nectar-post-grid-item-bg-wrap-inner\"><div class=\"nectar-post-grid-item-bg\"><img loading=\"lazy\" decoding=\"async\" width=\"150\" height=\"150\" src=\"https:\/\/lobbywatch.ch\/wp-content\/uploads\/2025\/10\/lobbywatch-recherche-web2-150x150.jpg\" class=\"attachment-thumbnail size-thumbnail wp-post-image\" alt=\"\" srcset=\"https:\/\/lobbywatch.ch\/wp-content\/uploads\/2025\/10\/lobbywatch-recherche-web2-150x150.jpg 150w, https:\/\/lobbywatch.ch\/wp-content\/uploads\/2025\/10\/lobbywatch-recherche-web2-300x300.jpg 300w, https:\/\/lobbywatch.ch\/wp-content\/uploads\/2025\/10\/lobbywatch-recherche-web2-768x768.jpg 768w, https:\/\/lobbywatch.ch\/wp-content\/uploads\/2025\/10\/lobbywatch-recherche-web2-140x140.jpg 140w, https:\/\/lobbywatch.ch\/wp-content\/uploads\/2025\/10\/lobbywatch-recherche-web2-100x100.jpg 100w, https:\/\/lobbywatch.ch\/wp-content\/uploads\/2025\/10\/lobbywatch-recherche-web2-500x500.jpg 500w, https:\/\/lobbywatch.ch\/wp-content\/uploads\/2025\/10\/lobbywatch-recherche-web2-350x350.jpg 350w, https:\/\/lobbywatch.ch\/wp-content\/uploads\/2025\/10\/lobbywatch-recherche-web2-800x800.jpg 800w, https:\/\/lobbywatch.ch\/wp-content\/uploads\/2025\/10\/lobbywatch-recherche-web2.jpg 1000w\" sizes=\"auto, (max-width: 150px) 100vw, 150px\" \/><\/div><\/div><\/div><div class=\"content\"><a class=\"nectar-post-grid-link\" href=\"https:\/\/lobbywatch.ch\/fr\/timeline-zu-den-lobby-events-der-sommersession-2\/\" ><span class=\"screen-reader-text\">Timeline des \u00e9v\u00e9nements de lobbying de la session d'\u00e9t\u00e9<\/span><\/a><div class=\"item-main\"><h3 class=\"post-heading nectar-inherit-h3\"><span>Timeline des \u00e9v\u00e9nements de lobbying de la session d'\u00e9t\u00e9<\/span><\/h3><span class=\"nectar-post-grid-item__meta-wrap\"><span class=\"meta-author\"><img alt='Reto Naegeli' src='https:\/\/lobbywatch.ch\/wp-content\/uploads\/2025\/12\/signal-2025-11-19-155115.jpeg' srcset='https:\/\/lobbywatch.ch\/wp-content\/uploads\/2025\/12\/signal-2025-11-19-155115.jpeg 2x' class='avatar avatar-40 photo avatar-default' height='40' width='40' \/><span class=\"meta-author-inner\"><span class=\"meta-author-name\">Reto Naegeli<\/span><\/span><\/span><span class=\"meta-date\">juin 3, 2025<\/span><\/span><\/div><\/div><\/div><\/div><div class=\"nectar-post-grid-item nectar-underline\" style=\"background-color: #FFFFFF;\" data-post-id=\"7509\" data-has-img=\"true\"> <div class=\"inner\"><div class=\"nectar-post-grid-item-bg-wrap\"><div class=\"nectar-post-grid-item-bg-wrap-inner\"><div class=\"nectar-post-grid-item-bg\"><img loading=\"lazy\" decoding=\"async\" width=\"150\" height=\"150\" src=\"https:\/\/lobbywatch.ch\/wp-content\/uploads\/2025\/06\/1024px-Lorenz_Hess-150x150.jpg\" class=\"attachment-thumbnail size-thumbnail wp-post-image\" alt=\"\" srcset=\"https:\/\/lobbywatch.ch\/wp-content\/uploads\/2025\/06\/1024px-Lorenz_Hess-150x150.jpg 150w, https:\/\/lobbywatch.ch\/wp-content\/uploads\/2025\/06\/1024px-Lorenz_Hess-140x140.jpg 140w, https:\/\/lobbywatch.ch\/wp-content\/uploads\/2025\/06\/1024px-Lorenz_Hess-100x100.jpg 100w, https:\/\/lobbywatch.ch\/wp-content\/uploads\/2025\/06\/1024px-Lorenz_Hess-500x500.jpg 500w, https:\/\/lobbywatch.ch\/wp-content\/uploads\/2025\/06\/1024px-Lorenz_Hess-350x350.jpg 350w, https:\/\/lobbywatch.ch\/wp-content\/uploads\/2025\/06\/1024px-Lorenz_Hess-1000x1000.jpg 1000w, https:\/\/lobbywatch.ch\/wp-content\/uploads\/2025\/06\/1024px-Lorenz_Hess-800x800.jpg 800w\" sizes=\"auto, (max-width: 150px) 100vw, 150px\" \/><\/div><\/div><\/div><div class=\"content\"><a class=\"nectar-post-grid-link\" href=\"https:\/\/lobbywatch.ch\/fr\/timeline-zu-den-lobby-events-der-sommersession\/\" ><span class=\"screen-reader-text\">Lorenz Hess, transparence et opacit\u00e9 au sein du lobby de la blockchain<\/span><\/a><div class=\"item-main\"><h3 class=\"post-heading nectar-inherit-h3\"><span>Lorenz Hess, transparence et opacit\u00e9 au sein du lobby de la blockchain<\/span><\/h3><span class=\"nectar-post-grid-item__meta-wrap\"><span class=\"meta-author\"><img alt='Reto Naegeli' src='https:\/\/lobbywatch.ch\/wp-content\/uploads\/2025\/12\/signal-2025-11-19-155115.jpeg' srcset='https:\/\/lobbywatch.ch\/wp-content\/uploads\/2025\/12\/signal-2025-11-19-155115.jpeg 2x' class='avatar avatar-40 photo avatar-default' height='40' width='40' \/><span class=\"meta-author-inner\"><span class=\"meta-author-name\">Reto Naegeli<\/span><\/span><\/span><span class=\"meta-date\">avril 23, 2025<\/span><\/span><\/div><\/div><\/div><\/div><div class=\"nectar-post-grid-item nectar-underline\" style=\"background-color: #FFFFFF;\" data-post-id=\"7984\" data-has-img=\"true\"> <div class=\"inner\"><div class=\"nectar-post-grid-item-bg-wrap\"><div class=\"nectar-post-grid-item-bg-wrap-inner\"><div class=\"nectar-post-grid-item-bg\"><img loading=\"lazy\" decoding=\"async\" width=\"150\" height=\"150\" src=\"https:\/\/lobbywatch.ch\/wp-content\/uploads\/2025\/12\/s7vh1a-kl4w-150x150.jpg\" class=\"attachment-thumbnail size-thumbnail wp-post-image\" alt=\"a person standing outside of a building at night\" srcset=\"https:\/\/lobbywatch.ch\/wp-content\/uploads\/2025\/12\/s7vh1a-kl4w-150x150.jpg 150w, https:\/\/lobbywatch.ch\/wp-content\/uploads\/2025\/12\/s7vh1a-kl4w-140x140.jpg 140w, https:\/\/lobbywatch.ch\/wp-content\/uploads\/2025\/12\/s7vh1a-kl4w-100x100.jpg 100w, https:\/\/lobbywatch.ch\/wp-content\/uploads\/2025\/12\/s7vh1a-kl4w-500x500.jpg 500w, https:\/\/lobbywatch.ch\/wp-content\/uploads\/2025\/12\/s7vh1a-kl4w-350x350.jpg 350w, https:\/\/lobbywatch.ch\/wp-content\/uploads\/2025\/12\/s7vh1a-kl4w-800x800.jpg 800w\" sizes=\"auto, (max-width: 150px) 100vw, 150px\" \/><\/div><\/div><\/div><div class=\"content\"><a class=\"nectar-post-grid-link\" href=\"https:\/\/lobbywatch.ch\/fr\/auch-nach-dem-cs-debakel-die-bankenlobby-bleibt-stark-in-bundesbern\/\" ><span class=\"screen-reader-text\">M\u00eame apr\u00e8s la d\u00e9b\u00e2cle du CS : le lobby bancaire reste puissant \u00e0 Berne<\/span><\/a><div class=\"item-main\"><h3 class=\"post-heading nectar-inherit-h3\"><span>M\u00eame apr\u00e8s la d\u00e9b\u00e2cle du CS : le lobby bancaire reste puissant \u00e0 Berne<\/span><\/h3><span class=\"nectar-post-grid-item__meta-wrap\"><span class=\"meta-author\"><img alt='Reto Naegeli' src='https:\/\/lobbywatch.ch\/wp-content\/uploads\/2025\/12\/signal-2025-11-19-155115.jpeg' srcset='https:\/\/lobbywatch.ch\/wp-content\/uploads\/2025\/12\/signal-2025-11-19-155115.jpeg 2x' class='avatar avatar-40 photo avatar-default' height='40' width='40' \/><span class=\"meta-author-inner\"><span class=\"meta-author-name\">Reto Naegeli<\/span><\/span><\/span><span class=\"meta-date\">mars 21, 2025<\/span><\/span><\/div><\/div><\/div><\/div><div class=\"nectar-post-grid-item nectar-underline\" style=\"background-color: #FFFFFF;\" data-post-id=\"7989\" data-has-img=\"true\"> <div class=\"inner\"><div class=\"nectar-post-grid-item-bg-wrap\"><div class=\"nectar-post-grid-item-bg-wrap-inner\"><div class=\"nectar-post-grid-item-bg\"><img loading=\"lazy\" decoding=\"async\" width=\"150\" height=\"150\" src=\"https:\/\/lobbywatch.ch\/wp-content\/uploads\/2025\/12\/bcgewwhhqsg-150x150.jpg\" class=\"attachment-thumbnail size-thumbnail wp-post-image\" alt=\"a tray of appetizers with toothpicks on them\" srcset=\"https:\/\/lobbywatch.ch\/wp-content\/uploads\/2025\/12\/bcgewwhhqsg-150x150.jpg 150w, https:\/\/lobbywatch.ch\/wp-content\/uploads\/2025\/12\/bcgewwhhqsg-140x140.jpg 140w, https:\/\/lobbywatch.ch\/wp-content\/uploads\/2025\/12\/bcgewwhhqsg-100x100.jpg 100w, https:\/\/lobbywatch.ch\/wp-content\/uploads\/2025\/12\/bcgewwhhqsg-500x500.jpg 500w, https:\/\/lobbywatch.ch\/wp-content\/uploads\/2025\/12\/bcgewwhhqsg-350x350.jpg 350w, https:\/\/lobbywatch.ch\/wp-content\/uploads\/2025\/12\/bcgewwhhqsg-800x800.jpg 800w\" sizes=\"auto, (max-width: 150px) 100vw, 150px\" \/><\/div><\/div><\/div><div class=\"content\"><a class=\"nectar-post-grid-link\" href=\"https:\/\/lobbywatch.ch\/fr\/lobby-fruehling-im-bundeshaus-32-lobby-anlaesse-waehrend-der-fruehlingssession\/\" ><span class=\"screen-reader-text\">Le printemps du lobbying au Palais f\u00e9d\u00e9ral: 32 \u00e9v\u00e9nements de lobbying pendant la session de printemps<\/span><\/a><div class=\"item-main\"><h3 class=\"post-heading nectar-inherit-h3\"><span>Le printemps du lobbying au Palais f\u00e9d\u00e9ral: 32 \u00e9v\u00e9nements de lobbying pendant la session de printemps<\/span><\/h3><span class=\"nectar-post-grid-item__meta-wrap\"><span class=\"meta-author\"><img alt='Reto Naegeli' src='https:\/\/lobbywatch.ch\/wp-content\/uploads\/2025\/12\/signal-2025-11-19-155115.jpeg' srcset='https:\/\/lobbywatch.ch\/wp-content\/uploads\/2025\/12\/signal-2025-11-19-155115.jpeg 2x' class='avatar avatar-40 photo avatar-default' height='40' width='40' \/><span class=\"meta-author-inner\"><span class=\"meta-author-name\">Reto Naegeli<\/span><\/span><\/span><span class=\"meta-date\">mars 6, 2025<\/span><\/span><\/div><\/div><\/div><\/div><\/div><\/div><\/div><\/div>\n\t\t\t<\/div> \n\t\t<\/div>\n\t<\/div> \n<\/div><\/div>","protected":false},"excerpt":{"rendered":"<p><b>Le 24 novembre, 53% du peuple suisse refusait d\u2019investir pr\u00e8s de 5 milliards de francs dans l\u2019am\u00e9nagement des autoroutes. Un r\u00e9sultat obtenu malgr\u00e9 un myst\u00e9rieux operation du lobby automobile et qui montre combien la transparence est encore imparfaite au Parlement.<\/b><\/p>","protected":false},"author":8,"featured_media":8003,"comment_status":"closed","ping_status":"closed","sticky":false,"template":"","format":"standard","meta":{"footnotes":""},"categories":[78],"tags":[],"ppma_author":[128],"class_list":{"0":"post-8002","1":"post","2":"type-post","3":"status-publish","4":"format-standard","5":"has-post-thumbnail","7":"category-lobbywatch"},"authors":[{"term_id":128,"user_id":8,"is_guest":0,"slug":"etienne-kocher","display_name":"Etienne Kocher","avatar_url":"https:\/\/secure.gravatar.com\/avatar\/25d21bf2f0c8e9e2629705e4b4828933efd70ba779495f445918323516036bee?s=96&d=mm&r=g","0":null,"1":"","2":"","3":"","4":"","5":"","6":"","7":"","8":""}],"_links":{"self":[{"href":"https:\/\/lobbywatch.ch\/fr\/wp-json\/wp\/v2\/posts\/8002","targetHints":{"allow":["GET"]}}],"collection":[{"href":"https:\/\/lobbywatch.ch\/fr\/wp-json\/wp\/v2\/posts"}],"about":[{"href":"https:\/\/lobbywatch.ch\/fr\/wp-json\/wp\/v2\/types\/post"}],"author":[{"embeddable":true,"href":"https:\/\/lobbywatch.ch\/fr\/wp-json\/wp\/v2\/users\/8"}],"replies":[{"embeddable":true,"href":"https:\/\/lobbywatch.ch\/fr\/wp-json\/wp\/v2\/comments?post=8002"}],"version-history":[{"count":3,"href":"https:\/\/lobbywatch.ch\/fr\/wp-json\/wp\/v2\/posts\/8002\/revisions"}],"predecessor-version":[{"id":8006,"href":"https:\/\/lobbywatch.ch\/fr\/wp-json\/wp\/v2\/posts\/8002\/revisions\/8006"}],"wp:featuredmedia":[{"embeddable":true,"href":"https:\/\/lobbywatch.ch\/fr\/wp-json\/wp\/v2\/media\/8003"}],"wp:attachment":[{"href":"https:\/\/lobbywatch.ch\/fr\/wp-json\/wp\/v2\/media?parent=8002"}],"wp:term":[{"taxonomy":"category","embeddable":true,"href":"https:\/\/lobbywatch.ch\/fr\/wp-json\/wp\/v2\/categories?post=8002"},{"taxonomy":"post_tag","embeddable":true,"href":"https:\/\/lobbywatch.ch\/fr\/wp-json\/wp\/v2\/tags?post=8002"},{"taxonomy":"author","embeddable":true,"href":"https:\/\/lobbywatch.ch\/fr\/wp-json\/wp\/v2\/ppma_author?post=8002"}],"curies":[{"name":"wp","href":"https:\/\/api.w.org\/{rel}","templated":true}]}}